{"id":51517,"date":"2023-03-31T09:42:31","date_gmt":"2023-03-31T12:42:31","guid":{"rendered":"https:\/\/www.colfarma.info\/colfarma\/?p=51517"},"modified":"2023-03-31T09:42:44","modified_gmt":"2023-03-31T12:42:44","slug":"poder-judicial-campana-de-vacunacion-antigripal-2023","status":"publish","type":"post","link":"https:\/\/www.colfarma.info\/colfarma\/poder-judicial-campana-de-vacunacion-antigripal-2023\/","title":{"rendered":"PODER JUDICIAL \u2013 Campa\u00f1a de\u00a0Vacunaci\u00f3n Antigripal 2023"},"content":{"rendered":"<p>Informamos que, a partir del d\u00eda de la fecha, comenzar\u00e1 la campa\u00f1a de vacunaci\u00f3n antigripal 2023, la cual tendr\u00e1 vigencia hasta el 31 de agosto del corriente a\u00f1o. Las vacunas reconocidas, ser\u00e1n las admitidas por el ANMAT y tendr\u00e1n la cobertura del 100% para todos los afiliados de la Obra Social,\u00a0<u>Sin autorizaci\u00f3n<\/u>.\u00a0 La prescripci\u00f3n de la vacuna debe estar en forma individual en la receta, sin otro producto (un envase en la receta). <u>Al momento de la dispensa, la receta se deber\u00e1\u00a0validar a trav\u00e9s de\u00a0\u201cDeclaraci\u00f3n de Dispensa\u201d.<\/u><\/p>\n<p>-Para ver Norma de atenci\u00f3n, <a href=\"https:\/\/www.colfarma.info\/colfarma\/norma-de-atencion-abril-2023-2\/\">Clic aqu\u00ed<\/a>.<\/p>\n<p>Informaci\u00f3n N\u00b0 19\/2023 (30\/03)<\/p>\n","protected":false},"excerpt":{"rendered":"<p>Informamos que, a partir del d\u00eda de la fecha, comenzar\u00e1 la campa\u00f1a de vacunaci\u00f3n antigripal 2023, la cual tendr\u00e1 vigencia hasta el 31 de agosto del corriente a\u00f1o. Las vacunas reconocidas, ser\u00e1n las admitidas por el ANMAT y tendr\u00e1n la cobertura del 100% para todos los afiliados de la Obra Social,\u00a0Sin autorizaci\u00f3n.\u00a0 La prescripci\u00f3n de [&hellip;]<\/p>\n","protected":false},"author":7,"featured_media":0,"comment_status":"closed","ping_status":"closed","sticky":false,"template":"","format":"standard","meta":{"footnotes":""},"categories":[98,3],"tags":[166],"class_list":["post-51517","post","type-post","status-publish","format-standard","hentry","category-listado-de-obras-sociales","category-obrassociales","tag-poder-judicial"],"_links":{"self":[{"href":"https:\/\/www.colfarma.info\/colfarma\/wp-json\/wp\/v2\/posts\/51517","targetHints":{"allow":["GET"]}}],"collection":[{"href":"https:\/\/www.colfarma.info\/colfarma\/wp-json\/wp\/v2\/posts"}],"about":[{"href":"https:\/\/www.colfarma.info\/colfarma\/wp-json\/wp\/v2\/types\/post"}],"author":[{"embeddable":true,"href":"https:\/\/www.colfarma.info\/colfarma\/wp-json\/wp\/v2\/users\/7"}],"replies":[{"embeddable":true,"href":"https:\/\/www.colfarma.info\/colfarma\/wp-json\/wp\/v2\/comments?post=51517"}],"version-history":[{"count":0,"href":"https:\/\/www.colfarma.info\/colfarma\/wp-json\/wp\/v2\/posts\/51517\/revisions"}],"wp:attachment":[{"href":"https:\/\/www.colfarma.info\/colfarma\/wp-json\/wp\/v2\/media?parent=51517"}],"wp:term":[{"taxonomy":"category","embeddable":true,"href":"https:\/\/www.colfarma.info\/colfarma\/wp-json\/wp\/v2\/categories?post=51517"},{"taxonomy":"post_tag","embeddable":true,"href":"https:\/\/www.colfarma.info\/colfarma\/wp-json\/wp\/v2\/tags?post=51517"}],"curies":[{"name":"wp","href":"https:\/\/api.w.org\/{rel}","templated":true}]}}