{"id":59204,"date":"2023-10-24T12:02:01","date_gmt":"2023-10-24T15:02:01","guid":{"rendered":"https:\/\/www.colfarma.info\/colfarma\/?p=59204"},"modified":"2023-10-24T13:14:39","modified_gmt":"2023-10-24T16:14:39","slug":"guia-para-hacer-un-curriculum-vitae-paso-a-paso","status":"publish","type":"post","link":"https:\/\/www.colfarma.info\/colfarma\/guia-para-hacer-un-curriculum-vitae-paso-a-paso\/","title":{"rendered":"Gu\u00eda para hacer un curr\u00edculum vitae paso a paso"},"content":{"rendered":"<h3>Antes de subir tus datos personales en la b\u00fasqueda de empleo te sugerimos tener en cuenta algunas cosas:<\/h3>\n<ul>\n<li><strong>Guardar tu CV como pdf<\/strong> y poner en el nombre del archivo tu nombre completo Ej. <strong>CV Andrea Gonz\u00e1lez.pdf\u00a0<\/strong><br \/>\n(Esto te asegurar\u00e1 que si el archivo circula la persona que lo reciba pueda saber r\u00e1pidamente a qui\u00e9n pertenece el archivo)<\/li>\n<li><strong>Completar las localidades<\/strong> donde te gustar\u00eda ejercer. Si bien existe la opci\u00f3n de completar Zona Norte, Sur y Oeste, es mejor para el motor de b\u00fasqueda que completes con localides espec\u00edficas. Record\u00e1 que pod\u00e9s poner todas las localidades que quieras.<\/li>\n<li><strong>Completar la informaci\u00f3n adicional.<\/strong> Esto ayuda a que las personas interesadas sepan r\u00e1pidamente algo m\u00e1s de tu perfil. Recomendamos poner en esta secci\u00f3n conocimientos espec\u00edficos, cursos o habilidades adquirirdas y si cont\u00e1s con matr\u00edcula vigente.<\/li>\n<li>Acompa\u00f1ar tu CV con una foto.<\/li>\n<\/ul>\n<h3>Si necesit\u00e1s alg\u00fan consejo sobre c\u00f3mo armarlo, a continuaci\u00f3n ten\u00e9s algunos tips:<\/h3>\n<h4>1- Datos de contacto<\/h4>\n<p>Lo primero son unos cuantos datos personales para que los t\u00e9cnicos de selecci\u00f3n puedan ponerse en contacto contigo e informarte de las siguientes fases del proceso.<br \/>\nEsta secci\u00f3n se sit\u00faa en la parte superior del documento, ya sea en el centro o en los m\u00e1rgenes laterales, dependiendo del dise\u00f1o de tu plantilla de CV.<\/p>\n<p><strong>\u00bfQu\u00e9 tipo de informaci\u00f3n debes a\u00f1adir?<\/strong><\/p>\n<ul>\n<li>Nombre y apellidos<\/li>\n<li>Direcci\u00f3n o lugar de residencia actual<\/li>\n<li>Tel\u00e9fono<\/li>\n<li>Correo electr\u00f3nico<\/li>\n<\/ul>\n<p>Si tienes perfil en alguna red social profesional, como por ejemplo LinkedIn, tambi\u00e9n puedes incluir en enlace.<\/p>\n<h4>2- Perfil profesional<\/h4>\n<p>Imagin\u00e1 que tuvieras que resumir tu trayectoria y tus inquietudes profesionales en 30 segundos. Eso es exactamente lo que tienes que incluir en tu perfil profesional.<\/p>\n<p>Se trata de un breve resumen de unas tres o cuatro l\u00edneas en las que expliques cu\u00e1l ha sido tu experiencia o formaci\u00f3n hasta la fecha y cu\u00e1les son tus objetivos profesionales, es decir, hacia d\u00f3nde quieres orientar tu carrera en el corto o medio plazo.<\/p>\n<h4>3- Experiencia laboral<\/h4>\n<p>Esta secci\u00f3n es una de las m\u00e1s importantes ya que a quien te contrate le interesar\u00e1 saber qu\u00e9 tipo de funciones has asumido en el pasado, para saber qu\u00e9 responsabilidades podr\u00edas asumir en el futuro, as\u00ed que prest\u00e1 especial atenci\u00f3n a la informaci\u00f3n que incluyes en este apartado cuando prepares tu CV.<\/p>\n<p>Nuestra recomendaci\u00f3n es que incluyas tus tres o cuatro puestos de trabajo m\u00e1s recientes y relevantes. Es posible que hayas tenido otros trabajos anteriores, sin embargo, por cuestiones de espacio, solo puedes incluir los m\u00e1s recientes. Pero no te preocupes, tendr\u00e1s la oportunidad de explicar tu trayectoria en detalle en una posible entrevista personal.<\/p>\n<p><strong>\u00bfQu\u00e9 tipo de informaci\u00f3n quieren saber los reclutadores sobre tus trabajos anteriores?<\/strong><\/p>\n<ul>\n<li>Puesto de trabajo<\/li>\n<li>Nombre de la empresa<\/li>\n<li>Ubicaci\u00f3n<\/li>\n<li>Fecha de inicio y finalizaci\u00f3n de tu contrato<\/li>\n<li>Tareas principales de las que eras responsable<\/li>\n<li>Principales logros profesionales<\/li>\n<\/ul>\n<p>En cuanto a las tareas de las que eras responsable, nuestro consejo es que incluyas tres o cuatro puntos explicativos describiendo dichas funciones. Utiliz\u00e1 verbos de acci\u00f3n y un lenguaje positivo\u00a0 para dejar en claro cu\u00e1l fue tu participaci\u00f3n en cada funci\u00f3n.<\/p>\n<h4>4- Formaci\u00f3n acad\u00e9mica<\/h4>\n<p>En el caso de la Bolsa de empleo del Colegio de Farmac\u00e9uticos de la Provioncia de Buenos Aires no publicamos CV de profesionales aspirantes que no sean farmac\u00e9uticos, por ello es imprescindible que completes los datos de tu Universidad, y en el caso de haber revalidado el t\u00edtulo que lo explicites tambi\u00e9n.<\/p>\n<ul>\n<li>Centro de estudios<\/li>\n<li>A\u00f1o de graduaci\u00f3n<\/li>\n<li>A\u00f1o de revalidaci\u00f3n del t\u00edtulo (si aplica)<\/li>\n<\/ul>\n<p>En el caso de que tengas dos t\u00edtulos, por ejemplo una Licenciatura y un M\u00e1ster, recuerda que debes mencionar primero el m\u00e1s reciente.<\/p>\n<p>&nbsp;<\/p>\n","protected":false},"excerpt":{"rendered":"<p>Antes de subir tus datos personales en la b\u00fasqueda de empleo te sugerimos tener en cuenta algunas cosas: Guardar tu CV como pdf y poner en el nombre del archivo tu nombre completo Ej. CV Andrea Gonz\u00e1lez.pdf\u00a0 (Esto te asegurar\u00e1 que si el archivo circula la persona que lo reciba pueda saber r\u00e1pidamente a qui\u00e9n [&hellip;]<\/p>\n","protected":false},"author":1,"featured_media":0,"comment_status":"closed","ping_status":"closed","sticky":false,"template":"","format":"standard","meta":{"footnotes":""},"categories":[1],"tags":[],"class_list":["post-59204","post","type-post","status-publish","format-standard","hentry","category-noticias"],"_links":{"self":[{"href":"https:\/\/www.colfarma.info\/colfarma\/wp-json\/wp\/v2\/posts\/59204","targetHints":{"allow":["GET"]}}],"collection":[{"href":"https:\/\/www.colfarma.info\/colfarma\/wp-json\/wp\/v2\/posts"}],"about":[{"href":"https:\/\/www.colfarma.info\/colfarma\/wp-json\/wp\/v2\/types\/post"}],"author":[{"embeddable":true,"href":"https:\/\/www.colfarma.info\/colfarma\/wp-json\/wp\/v2\/users\/1"}],"replies":[{"embeddable":true,"href":"https:\/\/www.colfarma.info\/colfarma\/wp-json\/wp\/v2\/comments?post=59204"}],"version-history":[{"count":0,"href":"https:\/\/www.colfarma.info\/colfarma\/wp-json\/wp\/v2\/posts\/59204\/revisions"}],"wp:attachment":[{"href":"https:\/\/www.colfarma.info\/colfarma\/wp-json\/wp\/v2\/media?parent=59204"}],"wp:term":[{"taxonomy":"category","embeddable":true,"href":"https:\/\/www.colfarma.info\/colfarma\/wp-json\/wp\/v2\/categories?post=59204"},{"taxonomy":"post_tag","embeddable":true,"href":"https:\/\/www.colfarma.info\/colfarma\/wp-json\/wp\/v2\/tags?post=59204"}],"curies":[{"name":"wp","href":"https:\/\/api.w.org\/{rel}","templated":true}]}}