{"id":62348,"date":"2024-01-18T16:28:32","date_gmt":"2024-01-18T19:28:32","guid":{"rendered":"https:\/\/www.colfarma.info\/colfarma\/?page_id=62348"},"modified":"2024-04-08T11:57:09","modified_gmt":"2024-04-08T14:57:09","slug":"boletin-semanal-19-01-2024","status":"publish","type":"post","link":"https:\/\/www.colfarma.info\/colfarma\/boletin-semanal-19-01-2024\/","title":{"rendered":"Bolet\u00edn Semanal 19-01-2024"},"content":{"rendered":"<p>[vc_row][vc_column width=\u00bb1\/4&#8243;][\/vc_column][vc_column width=\u00bb1\/2&#8243;][vc_column_text]<\/p>\n<p style=\"text-align: center;\">La Plata, <strong>19 de enero <\/strong>del 2024|<a href=\"mailto:farmaceuticos@colfarma.org.ar\">\u00a0farmaceuticos@colfarma.org.ar\u00a0<\/a><\/p>\n<p>[\/vc_column_text][vc_column_text css=\u00bb.vc_custom_1705699649151{padding-top: 20px !important;padding-right: 10px !important;padding-bottom: 10px !important;padding-left: 10px !important;background-color: #bfd6b1 !important;}\u00bb]<\/p>\n<h1 style=\"text-align: center;\">Nueva campa\u00f1a farmac\u00e9utica<br \/>\n\u00abEllos saben\u00bb<\/h1>\n<p>Compartimos una nueva campa\u00f1a farmac\u00e9utica para nuestras redes y farmacias comunitarias, hospitalarias; droguer\u00edas, laboratorios y otros lugares de gesti\u00f3n a cargo de los farmac\u00e9uticos.<\/p>\n<p>Nosotros, como nuestros pacientes, en el barrio, en la escuela y en el club, crecimos con una frase: \u00ab<em>Cuando tengas dudas consult\u00e1 con tu farmac\u00e9utico<\/em>\u00ab. Durante todo el a\u00f1o siempre hay colegas de turno, trabajando y preparados para responder a las necesidades de su comunidad.<\/p>\n<p>Te invitamos a compartir esta imagen en tus redes <strong>(pod\u00e9s hacer clic para agrandar y descargar la imagen).<\/strong><\/p>\n<h1><a href=\"https:\/\/www.colfarma.info\/colfarma\/wp-content\/uploads\/farmacia-refugiosanitarioREDES.jpg\"><img loading=\"lazy\" decoding=\"async\" class=\"wp-image-62394 size-medium alignnone\" src=\"https:\/\/www.colfarma.info\/colfarma\/wp-content\/uploads\/farmacia-refugiosanitarioREDES-585x585.jpg\" alt=\"\" width=\"300\" height=\"300\" srcset=\"https:\/\/www.colfarma.info\/colfarma\/wp-content\/uploads\/farmacia-refugiosanitarioREDES-585x585.jpg 585w, https:\/\/www.colfarma.info\/colfarma\/wp-content\/uploads\/farmacia-refugiosanitarioREDES-1200x1200.jpg 1200w, https:\/\/www.colfarma.info\/colfarma\/wp-content\/uploads\/farmacia-refugiosanitarioREDES-150x150.jpg 150w, https:\/\/www.colfarma.info\/colfarma\/wp-content\/uploads\/farmacia-refugiosanitarioREDES-768x768.jpg 768w, https:\/\/www.colfarma.info\/colfarma\/wp-content\/uploads\/farmacia-refugiosanitarioREDES-50x50.jpg 50w, https:\/\/www.colfarma.info\/colfarma\/wp-content\/uploads\/farmacia-refugiosanitarioREDES-100x100.jpg 100w, https:\/\/www.colfarma.info\/colfarma\/wp-content\/uploads\/farmacia-refugiosanitarioREDES.jpg 1500w\" sizes=\"auto, (max-width: 300px) 100vw, 300px\" \/><\/a><\/h1>\n<p>Tambi\u00e9n pod\u00e9s descargar esta imagen, imprimirla y colocarla en tu lugar de trabajo (pod\u00e9s hacer clic para agrandar y descargar la imagen).<\/p>\n<p><a href=\"https:\/\/www.colfarma.info\/colfarma\/wp-content\/uploads\/farmacia-refugiosanitariorA4-scaled.jpg\"><img loading=\"lazy\" decoding=\"async\" class=\"aligncenter wp-image-62396 size-large\" src=\"https:\/\/www.colfarma.info\/colfarma\/wp-content\/uploads\/farmacia-refugiosanitariorA4-1200x1548.jpg\" alt=\"\" width=\"794\" height=\"1024\" srcset=\"https:\/\/www.colfarma.info\/colfarma\/wp-content\/uploads\/farmacia-refugiosanitariorA4-1200x1548.jpg 1200w, https:\/\/www.colfarma.info\/colfarma\/wp-content\/uploads\/farmacia-refugiosanitariorA4-585x754.jpg 585w, https:\/\/www.colfarma.info\/colfarma\/wp-content\/uploads\/farmacia-refugiosanitariorA4-768x990.jpg 768w, https:\/\/www.colfarma.info\/colfarma\/wp-content\/uploads\/farmacia-refugiosanitariorA4-1191x1536.jpg 1191w, https:\/\/www.colfarma.info\/colfarma\/wp-content\/uploads\/farmacia-refugiosanitariorA4-1588x2048.jpg 1588w, https:\/\/www.colfarma.info\/colfarma\/wp-content\/uploads\/farmacia-refugiosanitariorA4-100x129.jpg 100w, https:\/\/www.colfarma.info\/colfarma\/wp-content\/uploads\/farmacia-refugiosanitariorA4-scaled.jpg 1985w\" sizes=\"auto, (max-width: 794px) 100vw, 794px\" \/><\/a>[\/vc_column_text][vc_column_text css=\u00bb.vc_custom_1705699825310{border-top-width: 0px !important;border-right-width: 0px !important;border-bottom-width: 0px !important;border-left-width: 0px !important;padding-top: 50px !important;padding-right: 50px !important;padding-bottom: 50px !important;padding-left: 50px !important;background-color: #ffffff !important;}\u00bb]<\/p>\n<h1 style=\"text-align: center;\">ENTREVISTAS A LA FARM. ALEJANDRA GOMEZ:<br \/>\nprecios de los medicamentos y la importancia del servicio farmac\u00e9utico<\/h1>\n<p style=\"text-align: center;\"><iframe loading=\"lazy\" title=\"YouTube video player\" src=\"https:\/\/www.youtube.com\/embed\/lVLjfmxjHAg?si=Tjs9e3VOEJ1DGkQu\" width=\"560\" height=\"315\" frameborder=\"0\" allowfullscreen=\"allowfullscreen\"><\/iframe><\/p>\n<p>Durante la semana la<strong> Farm. Alejandra Gomez, presidente del CFPBA<\/strong> convers\u00f3 con medios nacionales sobre la importancia del servicio farmac\u00e9utico y la incidencia que tienen los precios de los medicamentos en la salud. Estas son dos de varias conversaciones en diferentes medios, radiales o escritos, nacionales, provinciales y locales que reflejan nuestra preocupaci\u00f3n por las normativas que puedan afectar negativamente nuestra profesi\u00f3n y la salud.<\/p>\n<p style=\"text-align: center;\"><iframe loading=\"lazy\" title=\"YouTube video player\" src=\"https:\/\/www.youtube.com\/embed\/KnF-M6qha0o?si=m4ZC9AwZFqEryO16\" width=\"560\" height=\"315\" frameborder=\"0\" allowfullscreen=\"allowfullscreen\"><\/iframe><\/p>\n<h3 style=\"text-align: center;\">Reuni\u00f3n con los Diputados Nacionales Agustina Propato y Daniel Goll\u00e1n<\/h3>\n<p style=\"text-align: center;\"><img loading=\"lazy\" decoding=\"async\" class=\"aligncenter size-full wp-image-62366\" src=\"https:\/\/www.colfarma.info\/colfarma\/wp-content\/uploads\/AleLuisGollan.jpeg\" alt=\"\" width=\"1024\" height=\"768\" srcset=\"https:\/\/www.colfarma.info\/colfarma\/wp-content\/uploads\/AleLuisGollan.jpeg 1024w, https:\/\/www.colfarma.info\/colfarma\/wp-content\/uploads\/AleLuisGollan-585x439.jpeg 585w, https:\/\/www.colfarma.info\/colfarma\/wp-content\/uploads\/AleLuisGollan-768x576.jpeg 768w, https:\/\/www.colfarma.info\/colfarma\/wp-content\/uploads\/AleLuisGollan-100x75.jpeg 100w\" sizes=\"auto, (max-width: 1024px) 100vw, 1024px\" \/><\/p>\n<p>Los farmac\u00e9uticos Alejandra Gomez (Presidente del CFPBA) y Luis Ferrari (Secretario del CFPBA) se reunieron con los diputados nacionales de Uni\u00f3n por la Patria Agustina Propato y Daniel Goll\u00e1n. La reuni\u00f3n se centr\u00f3 en la preocupaci\u00f3n de los asistentes como agentes sanitarios y de Goll\u00e1n como legislador. Los Consejeros provinciales mantienen las reuniones con autoridades y legisladores para evitar que se apruebe el DNU y se lleguen a instancias de legislaci\u00f3n para crear nuevas leyes sanitarias y evitar que la aparici\u00f3n de normativas que afecten negativamente la profesi\u00f3n farmac\u00e9utica y la salud.<\/p>\n<p>&nbsp;<\/p>\n<h3 style=\"text-align: center;\">Webinario Reflexiones del impacto en el acceso a los medicamentos del Decreto 70\/23<\/h3>\n<p style=\"text-align: center;\"><iframe loading=\"lazy\" title=\"YouTube video player\" src=\"https:\/\/www.youtube.com\/embed\/TSf4NmHH9YQ?si=lHFgQYATLXQE7y2F\" width=\"560\" height=\"315\" frameborder=\"0\" allowfullscreen=\"allowfullscreen\"><\/iframe><\/p>\n<p>&nbsp;<\/p>\n<p>El Jueves 18 de enero a las 18 horas comenz\u00f3 un encuentro organizado por.<\/p>\n<p>La Farm. Alejandra G\u00f3mez, Presidente del Colegio de Farmac\u00e9uticos de la Provincia de Buenos Aires fue una de las disertantes, junto al Farm. Daniel Alvarado (Farmac\u00e9utico comunitario del partido de Hurlingham -Presidente de Farmac\u00e9uticos sin Fronteras de la Argentina &#8211; Magister en Sistemas de Salud IUCB) y al Farm. Jorge Schlottke (Secci\u00f3n Farmacia Comunitaria de FIP &#8211; Graduado de la Universidad Nacional de San Luis &#8211; Magister en Gesti\u00f3n de Sistemas de Salud).<\/p>\n<p>El encuentro fue coordinado por la Dra. Alejandra S\u00e1nchez Cabezas (Vicepresidenta de la Asociaci\u00f3n Argentina de Salud P\u00fablica &#8211; AASAP).<\/p>\n<h3 style=\"text-align: center;\">Encuentro con el Defensor del Pueblo de la provincia de Buenos Aires<\/h3>\n<p><img loading=\"lazy\" decoding=\"async\" class=\"aligncenter size-full wp-image-62400\" src=\"https:\/\/www.colfarma.info\/colfarma\/wp-content\/uploads\/EnLaDefensoria2024.jpeg\" alt=\"\" width=\"1024\" height=\"768\" srcset=\"https:\/\/www.colfarma.info\/colfarma\/wp-content\/uploads\/EnLaDefensoria2024.jpeg 1024w, https:\/\/www.colfarma.info\/colfarma\/wp-content\/uploads\/EnLaDefensoria2024-585x439.jpeg 585w, https:\/\/www.colfarma.info\/colfarma\/wp-content\/uploads\/EnLaDefensoria2024-768x576.jpeg 768w, https:\/\/www.colfarma.info\/colfarma\/wp-content\/uploads\/EnLaDefensoria2024-100x75.jpeg 100w\" sizes=\"auto, (max-width: 1024px) 100vw, 1024px\" \/><\/p>\n<p>Un buen encuentro entre farmac\u00e9uticos Alejandra Gomez (Presidente del CFPBA) y Luis Ferrari (Secretario del CFPBA) y el Defensor Adjunto Dr. Enrique Marcelo Honores y Dra. Marcia L\u00e1zaro, <strong>Marcia L\u00e1zaro<\/strong>, directora general de Usuarios de Servicios de Salud de la Defensor\u00eda. Nuevamente el DNU 70\/2023 fue parte de la conversaci\u00f3n, igual que la situaci\u00f3n que atraviesa la seguridad social.[\/vc_column_text][vc_column_text css=\u00bb.vc_custom_1705699694838{border-top-width: 0px !important;border-right-width: 0px !important;border-bottom-width: 0px !important;border-left-width: 0px !important;padding-top: 50px !important;padding-right: 50px !important;padding-bottom: 50px !important;padding-left: 50px !important;background-color: #ffffff !important;}\u00bb]<\/p>\n<div class=\"wrap-inner\">\n<div class=\"page-title\">\n<hr \/>\n<h1 class=\"page-title-inner\" style=\"text-align: center;\">\u00a1Bienvenidos Colegas!<\/h1>\n<\/div>\n<\/div>\n<div class=\"x11i5rnm xat24cr x1mh8g0r x1vvkbs xtlvy1s x126k92a\">\n<div dir=\"auto\">\n<div class=\"\" dir=\"auto\">\n<div id=\":r17:\" class=\"x1iorvi4 x1pi30zi x1l90r2v x1swvt13\" data-ad-comet-preview=\"message\" data-ad-preview=\"message\">\n<div class=\"x78zum5 xdt5ytf xz62fqu x16ldp7u\">\n<div class=\"xu06os2 x1ok221b\">\n<div class=\"x11i5rnm xat24cr x1mh8g0r x1vvkbs xtlvy1s x126k92a\"><img loading=\"lazy\" decoding=\"async\" class=\"aligncenter wp-image-62352 size-large\" src=\"https:\/\/www.colfarma.info\/colfarma\/wp-content\/uploads\/Matri160124-1200x683.png\" alt=\"\" width=\"900\" height=\"512\" srcset=\"https:\/\/www.colfarma.info\/colfarma\/wp-content\/uploads\/Matri160124-1200x683.png 1200w, https:\/\/www.colfarma.info\/colfarma\/wp-content\/uploads\/Matri160124-585x333.png 585w, https:\/\/www.colfarma.info\/colfarma\/wp-content\/uploads\/Matri160124-768x437.png 768w, https:\/\/www.colfarma.info\/colfarma\/wp-content\/uploads\/Matri160124-1536x875.png 1536w, https:\/\/www.colfarma.info\/colfarma\/wp-content\/uploads\/Matri160124-100x57.png 100w, https:\/\/www.colfarma.info\/colfarma\/wp-content\/uploads\/Matri160124.png 2048w\" sizes=\"auto, (max-width: 900px) 100vw, 900px\" \/><\/div>\n<div class=\"\" dir=\"auto\">\n<div id=\":r3h:\" class=\"x1iorvi4 x1pi30zi x1l90r2v x1swvt13\" data-ad-comet-preview=\"message\" data-ad-preview=\"message\">\n<div class=\"x78zum5 xdt5ytf xz62fqu x16ldp7u\">\n<div class=\"xu06os2 x1ok221b\">\n<div class=\"xdj266r x11i5rnm xat24cr x1mh8g0r x1vvkbs x126k92a\">\n<div dir=\"auto\">Esta semana recibimos a los nuevos colegas que se suman a ejercer la profesi\u00f3n que tanto nos enorgullece. Las matriculaciones nos permiten conocernos y conversar sobre el futuro que queremos para el Colegio y para el ejercicio profesional.<\/div>\n<\/div>\n<div class=\"x11i5rnm xat24cr x1mh8g0r x1vvkbs xtlvy1s x126k92a\">\n<div dir=\"auto\"><span class=\"x3nfvp2 x1j61x8r x1fcty0u xdj266r xhhsvwb xat24cr xgzva0m xxymvpz xlup9mm x1kky2od\"><img loading=\"lazy\" decoding=\"async\" class=\"xz74otr\" src=\"https:\/\/static.xx.fbcdn.net\/images\/emoji.php\/v9\/tb2\/1\/16\/1f468_200d_1f393.png\" alt=\"\ud83d\udc68\u200d\ud83c\udf93\" width=\"16\" height=\"16\" \/><\/span><span class=\"x3nfvp2 x1j61x8r x1fcty0u xdj266r xhhsvwb xat24cr xgzva0m xxymvpz xlup9mm x1kky2od\"><img loading=\"lazy\" decoding=\"async\" class=\"xz74otr\" src=\"https:\/\/static.xx.fbcdn.net\/images\/emoji.php\/v9\/t91\/1\/16\/1f469_200d_1f393.png\" alt=\"\ud83d\udc69\u200d\ud83c\udf93\" width=\"16\" height=\"16\" \/><\/span> Bienvenidos Bocchimuzzi Zulma C., Hansen Gisela Lucia, Torres Monica Patricia, Bottino Diego Jose, Ferraris Mariana, Pollard Glenda, Perna Veronica Daniela, Cannizzo Fernando Daniel, Jorge Agustin Ezequiel.<\/div>\n<\/div>\n<\/div>\n<\/div>\n<\/div>\n<\/div>\n<\/div>\n<\/div>\n<\/div>\n<\/div>\n<\/div>\n<\/div>\n<p>[\/vc_column_text][vc_single_image image=\u00bb61594&#8243; img_size=\u00bbfull\u00bb add_caption=\u00bbyes\u00bb alignment=\u00bbcenter\u00bb onclick=\u00bbcustom_link\u00bb link=\u00bbhttps:\/\/www.whatsapp.com\/channel\/0029VaHEc5zB4hdNnuHxtn27&#8243;][vc_column_text]<\/p>\n<div class=\"post-header\">\n<h2 class=\"post-title\" style=\"text-align: center;\">Encuesta de la Federaci\u00f3n Farmac\u00e9utica Internacional<\/h2>\n<\/div>\n<div class=\"post-content\">\n<div class=\"post-content-inner\"><img loading=\"lazy\" decoding=\"async\" class=\"aligncenter wp-image-62357 size-large\" src=\"https:\/\/www.colfarma.info\/colfarma\/wp-content\/uploads\/EncuestaFIP2024-1200x1152.jpg\" alt=\"\" width=\"900\" height=\"864\" srcset=\"https:\/\/www.colfarma.info\/colfarma\/wp-content\/uploads\/EncuestaFIP2024-1200x1152.jpg 1200w, https:\/\/www.colfarma.info\/colfarma\/wp-content\/uploads\/EncuestaFIP2024-585x561.jpg 585w, https:\/\/www.colfarma.info\/colfarma\/wp-content\/uploads\/EncuestaFIP2024-768x737.jpg 768w, https:\/\/www.colfarma.info\/colfarma\/wp-content\/uploads\/EncuestaFIP2024-1536x1474.jpg 1536w, https:\/\/www.colfarma.info\/colfarma\/wp-content\/uploads\/EncuestaFIP2024-2048x1965.jpg 2048w, https:\/\/www.colfarma.info\/colfarma\/wp-content\/uploads\/EncuestaFIP2024-100x96.jpg 100w\" sizes=\"auto, (max-width: 900px) 100vw, 900px\" \/><\/div>\n<\/div>\n<div class=\"xdj266r x11i5rnm xat24cr x1mh8g0r x1vvkbs x126k92a\">\n<div dir=\"auto\"><\/div>\n<div dir=\"auto\"><\/div>\n<div dir=\"auto\">En 2016, 2020 y 2022, la <span class=\"il\">FIP<\/span> realiz\u00f3 encuestas mundiales sobre el papel de los farmac\u00e9uticos en la vacunaci\u00f3n y public\u00f3 los informes correspondientes. Desde entonces, este importante avance en el \u00e1mbito de la pr\u00e1ctica de los farmac\u00e9uticos no solo cobr\u00f3 impulso para la <span class=\"il\">FIP<\/span>, sino para la profesi\u00f3n en todo el mundo, y varios pa\u00edses introdujeron servicios de vacunaci\u00f3n en farmacias y actividades conexas, o ampliaron la autoridad de los farmac\u00e9uticos para administrar y\/o prescribir vacunas.<\/div>\n<\/div>\n<div dir=\"auto\">Pod\u00e9s completar la <a href=\"https:\/\/www.colfarma.info\/colfarma\/encuesta-global-de-la-fip-sobre-el-papel-de-los-farmaceuticos-en-la-vacunacion-2024\/\"><strong>ENCUESTA HACIENDO CLIC AQU\u00cd<\/strong><\/a><\/div>\n<p>[\/vc_column_text][vc_separator][vc_single_image image=\u00bb59565&#8243; img_size=\u00bbfull\u00bb add_caption=\u00bbyes\u00bb alignment=\u00bbcenter\u00bb][\/vc_column][vc_column width=\u00bb1\/4&#8243;][\/vc_column][\/vc_row][vc_row full_width=\u00bbstretch_row_content\u00bb content_placement=\u00bbmiddle\u00bb css=\u00bb.vc_custom_1695664366993{margin-right: 60px !important;margin-left: 60px !important;border-right-width: 10px !important;border-left-width: 10px !important;padding-top: 0px !important;padding-right: 10px !important;padding-bottom: 0px !important;padding-left: 10px !important;background-color: #e2e2e2 !important;border-left-color: #e2e2e2 !important;border-right-color: #e2e2e2 !important;}\u00bb][vc_column][vc_column_text css=\u00bb.vc_custom_1695664377248{border-right-width: 10px !important;border-left-width: 10px !important;padding-top: 10px !important;padding-right: 50px !important;padding-bottom: 10px !important;padding-left: 50px !important;background-color: #e2e2e2 !important;border-left-color: #e2e2e2 !important;border-right-color: #e2e2e2 !important;}\u00bb]<\/p>\n<h2 style=\"text-align: center;\">Sumate a los grupos de noticias por Whatsapp<\/h2>\n<p>[\/vc_column_text][\/vc_column][\/vc_row][vc_row full_width=\u00bbstretch_row_content\u00bb css=\u00bb.vc_custom_1695664386475{padding-top: 10px !important;padding-right: 60px !important;padding-bottom: 10px !important;padding-left: 60px !important;background-color: #e2e2e2 !important;}\u00bb][vc_column width=\u00bb1\/5&#8243;][\/vc_column][vc_column width=\u00bb1\/5&#8243;][vc_btn title=\u00bbNoticias de Obras Sociales\u00bb style=\u00bbcustom\u00bb custom_background=\u00bb#6a184e\u00bb custom_text=\u00bb#ffffff\u00bb shape=\u00bbsquare\u00bb size=\u00bblg\u00bb align=\u00bbcenter\u00bb i_icon_fontawesome=\u00bbfab fa-whatsapp\u00bb button_block=\u00bbtrue\u00bb add_icon=\u00bbtrue\u00bb link=\u00bburl:https%3A%2F%2Fwww.colfarma.info%2Fcolfarma%2Fgrupos-noticias-obras-sociales%2F|target:_blank\u00bb][\/vc_column][vc_column width=\u00bb1\/5&#8243;][vc_btn title=\u00bbNoticias de Laborales\u00bb style=\u00bbcustom\u00bb custom_background=\u00bb#ce3296&#8243; custom_text=\u00bb#ffffff\u00bb shape=\u00bbsquare\u00bb size=\u00bblg\u00bb align=\u00bbcenter\u00bb i_icon_fontawesome=\u00bbfab fa-whatsapp\u00bb button_block=\u00bbtrue\u00bb add_icon=\u00bbtrue\u00bb link=\u00bburl:https%3A%2F%2Fadminportal.cfpba.org.ar%3A1443%2Flogonportal%2Ffrmlogonportaleswebs.aspx%3FReturnUrl%3Dhttps%3A%2F%2Fadminportal.cfpba.org.ar%3A1443%2Fservicios%2Fcompras.aspx%3Fp%3D1632|target:_blank\u00bb][\/vc_column][vc_column width=\u00bb1\/5&#8243;][vc_btn title=\u00bbNoticias para Hospitalarios\u00bb style=\u00bbcustom\u00bb custom_background=\u00bb#499dd6&#8243; custom_text=\u00bb#ffffff\u00bb shape=\u00bbsquare\u00bb size=\u00bblg\u00bb align=\u00bbcenter\u00bb i_icon_fontawesome=\u00bbfab fa-whatsapp\u00bb button_block=\u00bbtrue\u00bb add_icon=\u00bbtrue\u00bb link=\u00bburl:https%3A%2F%2Fwww.colfarma.info%2Fcolfarma%2Fgrupos-de-noticias-hospitalarios%2F|target:_blank\u00bb][\/vc_column][vc_column width=\u00bb1\/5&#8243;][\/vc_column][\/vc_row][vc_row][vc_column width=\u00bb1\/2&#8243;][vc_empty_space][vc_single_image image=\u00bb57366&#8243; img_size=\u00bbfull\u00bb alignment=\u00bbcenter\u00bb onclick=\u00bbcustom_link\u00bb img_link_target=\u00bb_blank\u00bb link=\u00bbhttps:\/\/www.colfarma.info\/colfarma\/relaciones-profesionales\/oficina-de-denuncias\/\u00bb][vc_empty_space height=\u00bb10px\u00bb][\/vc_column][vc_column width=\u00bb1\/2&#8243;][vc_empty_space][vc_single_image image=\u00bb57367&#8243; img_size=\u00bbfull\u00bb alignment=\u00bbcenter\u00bb onclick=\u00bbcustom_link\u00bb img_link_target=\u00bb_blank\u00bb link=\u00bbhttps:\/\/www.colfarma.info\/colfarma\/tad\/\u00bb][vc_empty_space height=\u00bb10px\u00bb][\/vc_column][\/vc_row][vc_row][vc_column width=\u00bb1\/2&#8243;][vc_single_image image=\u00bb57241&#8243; img_size=\u00bbfull\u00bb alignment=\u00bbcenter\u00bb onclick=\u00bbcustom_link\u00bb img_link_target=\u00bb_blank\u00bb link=\u00bbhttp:\/\/https:\/\/www.colfarma.info\/colfarma\/cientifica\/educacionpermanente\/otras-actividades-cientificas-2\/\u00bb][\/vc_column][vc_column width=\u00bb1\/2&#8243;][vc_single_image image=\u00bb50058&#8243; img_size=\u00bbfull\u00bb alignment=\u00bbcenter\u00bb onclick=\u00bbcustom_link\u00bb img_link_target=\u00bb_blank\u00bb link=\u00bbhttps:\/\/www.colfarma.info\/colfarma\/acceda-a-sus-diplomas-de-capacitacion-on-line\/\u00bb][\/vc_column][\/vc_row][vc_row css=\u00bb.vc_custom_1695235609077{padding-top: 10px !important;}\u00bb][vc_column width=\u00bb2\/5&#8243;][vc_empty_space][vc_single_image image=\u00bb50952&#8243; img_size=\u00bblarge\u00bb alignment=\u00bbcenter\u00bb onclick=\u00bbcustom_link\u00bb img_link_target=\u00bb_blank\u00bb link=\u00bbhttps:\/\/www.colfarma.info\/colfarma\/biblioteca\/cimf\/\u00bb][vc_empty_space][vc_single_image image=\u00bb50060&#8243; img_size=\u00bblarge\u00bb alignment=\u00bbcenter\u00bb onclick=\u00bbcustom_link\u00bb img_link_target=\u00bb_blank\u00bb link=\u00bbhttps:\/\/www.colfarmaonline.org.ar\/biblioteca_catalogo\/CatalogoLibroFarmaceutico\u00bb][\/vc_column][vc_column width=\u00bb1\/5&#8243;][vc_single_image image=\u00bb55276&#8243; img_size=\u00bbfull\u00bb alignment=\u00bbcenter\u00bb onclick=\u00bbcustom_link\u00bb img_link_target=\u00bb_blank\u00bb link=\u00bbhttp:\/\/www.bifase.org.ar\/\u00bb][vc_empty_space height=\u00bb10px\u00bb][vc_single_image image=\u00bb55277&#8243; img_size=\u00bbfull\u00bb alignment=\u00bbcenter\u00bb onclick=\u00bbcustom_link\u00bb img_link_target=\u00bb_blank\u00bb link=\u00bbhttp:\/\/www.latamjpharm.org\/last.php\u00bb][vc_empty_space height=\u00bb10px\u00bb][\/vc_column][vc_column width=\u00bb1\/5&#8243;][vc_single_image image=\u00bb31269&#8243; img_size=\u00bblarge\u00bb alignment=\u00bbcenter\u00bb onclick=\u00bbcustom_link\u00bb img_link_target=\u00bb_blank\u00bb link=\u00bbhttps:\/\/www.colfarma.info\/colfarma\/cuota-social-y-servicios\/matricula\/\u00bb][\/vc_column][vc_column width=\u00bb1\/5&#8243;][vc_single_image image=\u00bb31270&#8243; img_size=\u00bblarge\u00bb alignment=\u00bbcenter\u00bb onclick=\u00bbcustom_link\u00bb img_link_target=\u00bb_blank\u00bb link=\u00bbhttps:\/\/www.colfarma.info\/colfarma\/wp-content\/uploads\/2020\/12\/Boletin-Electronico-ESPECIAL-04-12-2020-Nuevas-opciones-para-realizar-tus-pagos-al-Colegio..htm\u00bb][\/vc_column][\/vc_row]<\/p>\n","protected":false},"excerpt":{"rendered":"<p>[vc_row][vc_column width=\u00bb1\/4&#8243;][\/vc_column][vc_column width=\u00bb1\/2&#8243;][vc_column_text] La Plata, 19 de enero del 2024|\u00a0farmaceuticos@colfarma.org.ar\u00a0 [\/vc_column_text][vc_column_text css=\u00bb.vc_custom_1705699649151{padding-top: 20px !important;padding-right: 10px !important;padding-bottom: 10px !important;padding-left: 10px !important;background-color: #bfd6b1 !important;}\u00bb] Nueva campa\u00f1a farmac\u00e9utica \u00abEllos saben\u00bb Compartimos una nueva campa\u00f1a farmac\u00e9utica para nuestras redes y farmacias comunitarias, hospitalarias; droguer\u00edas, laboratorios y otros lugares de gesti\u00f3n a cargo de los farmac\u00e9uticos. Nosotros, como nuestros pacientes, [&hellip;]<\/p>\n","protected":false},"author":1,"featured_media":62394,"comment_status":"closed","ping_status":"closed","sticky":false,"template":"","format":"standard","meta":{"footnotes":""},"categories":[1172],"tags":[],"class_list":["post-62348","post","type-post","status-publish","format-standard","has-post-thumbnail","hentry","category-boletin-semanal"],"_links":{"self":[{"href":"https:\/\/www.colfarma.info\/colfarma\/wp-json\/wp\/v2\/posts\/62348","targetHints":{"allow":["GET"]}}],"collection":[{"href":"https:\/\/www.colfarma.info\/colfarma\/wp-json\/wp\/v2\/posts"}],"about":[{"href":"https:\/\/www.colfarma.info\/colfarma\/wp-json\/wp\/v2\/types\/post"}],"author":[{"embeddable":true,"href":"https:\/\/www.colfarma.info\/colfarma\/wp-json\/wp\/v2\/users\/1"}],"replies":[{"embeddable":true,"href":"https:\/\/www.colfarma.info\/colfarma\/wp-json\/wp\/v2\/comments?post=62348"}],"version-history":[{"count":0,"href":"https:\/\/www.colfarma.info\/colfarma\/wp-json\/wp\/v2\/posts\/62348\/revisions"}],"wp:featuredmedia":[{"embeddable":true,"href":"https:\/\/www.colfarma.info\/colfarma\/wp-json\/wp\/v2\/media\/62394"}],"wp:attachment":[{"href":"https:\/\/www.colfarma.info\/colfarma\/wp-json\/wp\/v2\/media?parent=62348"}],"wp:term":[{"taxonomy":"category","embeddable":true,"href":"https:\/\/www.colfarma.info\/colfarma\/wp-json\/wp\/v2\/categories?post=62348"},{"taxonomy":"post_tag","embeddable":true,"href":"https:\/\/www.colfarma.info\/colfarma\/wp-json\/wp\/v2\/tags?post=62348"}],"curies":[{"name":"wp","href":"https:\/\/api.w.org\/{rel}","templated":true}]}}