{"id":68154,"date":"2024-06-28T09:29:18","date_gmt":"2024-06-28T12:29:18","guid":{"rendered":"https:\/\/www.colfarma.info\/colfarma\/?p=68154"},"modified":"2024-06-28T09:37:00","modified_gmt":"2024-06-28T12:37:00","slug":"en-la-provincia-de-buenos-aires-no-sera-obligatorio-el-uso-exclusivo-de-la-receta-de-electronica","status":"publish","type":"post","link":"https:\/\/www.colfarma.info\/colfarma\/en-la-provincia-de-buenos-aires-no-sera-obligatorio-el-uso-exclusivo-de-la-receta-de-electronica\/","title":{"rendered":"EN LA PROVINCIA DE BUENOS AIRES NO SER\u00c1 OBLIGATORIO EL USO EXCLUSIVO DE LA RECETA DE ELECTR\u00d3NICA"},"content":{"rendered":"<p>Colega, el lunes 24 de Junio se reunieron los ministros de salud provinciales y el ministro de salud de la Naci\u00f3n, para evaluar la implementaci\u00f3n de la receta electr\u00f3nica que, en algunas provincias, deber\u00eda regir obligatoriamente a partir del pr\u00f3ximo lunes 1\u00ba de Julio.<\/p>\n<p><strong>Las autoridades sanitarias de la provincia de Buenos Aires ya anticiparon que seguir\u00e1n aceptando recetas en papel.<\/strong><br \/>\nRecordemos que el DNU 70\/2023 hab\u00eda establecido el 1\u00b0 de julio como plazo l\u00edmite para \u00ab<em>\u2026la digitalizaci\u00f3n total en la prescripci\u00f3n y la dispensa de medicamentos<\/em>\u201d. Una medida que luego fue reglamentada por el decreto N\u00b0345.<\/p>\n<p>En la reuni\u00f3n de ministros de salud se propuso una transici\u00f3n de 180 d\u00edas para que las provincias se adhieran y que las plataformas (m\u00e1s de 80) completen el registro para luego avanzar en su homologaci\u00f3n.<\/p>\n<p>La provincia de Buenos Aires expuso que ya implement\u00f3 hace m\u00e1s de un a\u00f1o la\u00a0<strong>Receta Electr\u00f3nica Bonaerense<\/strong>\u00a0y cuenta con el registro de las plataformas y solicit\u00f3 que se sume al registro nacional.<\/p>\n<p>Desde nuestro sector de prestaciones informaremos las gestiones efectuadas ante las Obras Sociales.<\/p>\n<p>&nbsp;<\/p>\n<p style=\"text-align: center\"><strong>Farm. Alejandra Gomez \/ Presidente CFPBA<\/strong><\/p>\n<p>Informaci\u00f3n N\u00b030\/2024 (27\/06)<\/p>\n","protected":false},"excerpt":{"rendered":"<p>Colega, el lunes 24 de Junio se reunieron los ministros de salud provinciales y el ministro de salud de la Naci\u00f3n, para evaluar la implementaci\u00f3n de la receta electr\u00f3nica que, en algunas provincias, deber\u00eda regir obligatoriamente a partir del pr\u00f3ximo lunes 1\u00ba de Julio. Las autoridades sanitarias de la provincia de Buenos Aires ya anticiparon [&hellip;]<\/p>\n","protected":false},"author":7,"featured_media":0,"comment_status":"closed","ping_status":"closed","sticky":false,"template":"","format":"standard","meta":{"footnotes":""},"categories":[183,3],"tags":[],"class_list":["post-68154","post","type-post","status-publish","format-standard","hentry","category-actualizaciones-obras-sociales","category-obrassociales"],"_links":{"self":[{"href":"https:\/\/www.colfarma.info\/colfarma\/wp-json\/wp\/v2\/posts\/68154","targetHints":{"allow":["GET"]}}],"collection":[{"href":"https:\/\/www.colfarma.info\/colfarma\/wp-json\/wp\/v2\/posts"}],"about":[{"href":"https:\/\/www.colfarma.info\/colfarma\/wp-json\/wp\/v2\/types\/post"}],"author":[{"embeddable":true,"href":"https:\/\/www.colfarma.info\/colfarma\/wp-json\/wp\/v2\/users\/7"}],"replies":[{"embeddable":true,"href":"https:\/\/www.colfarma.info\/colfarma\/wp-json\/wp\/v2\/comments?post=68154"}],"version-history":[{"count":0,"href":"https:\/\/www.colfarma.info\/colfarma\/wp-json\/wp\/v2\/posts\/68154\/revisions"}],"wp:attachment":[{"href":"https:\/\/www.colfarma.info\/colfarma\/wp-json\/wp\/v2\/media?parent=68154"}],"wp:term":[{"taxonomy":"category","embeddable":true,"href":"https:\/\/www.colfarma.info\/colfarma\/wp-json\/wp\/v2\/categories?post=68154"},{"taxonomy":"post_tag","embeddable":true,"href":"https:\/\/www.colfarma.info\/colfarma\/wp-json\/wp\/v2\/tags?post=68154"}],"curies":[{"name":"wp","href":"https:\/\/api.w.org\/{rel}","templated":true}]}}