{"id":68404,"date":"2024-07-04T15:57:12","date_gmt":"2024-07-04T18:57:12","guid":{"rendered":"https:\/\/www.colfarma.info\/colfarma\/?p=68404"},"modified":"2024-07-04T18:24:00","modified_gmt":"2024-07-04T21:24:00","slug":"informacion-obras-sociales-no-31-2024","status":"publish","type":"post","link":"https:\/\/www.colfarma.info\/colfarma\/informacion-obras-sociales-no-31-2024\/","title":{"rendered":"INFORMACI\u00d3N OBRAS SOCIALES N\u00ba 31\/2024"},"content":{"rendered":"<p>[vc_row][vc_column width=\u00bb1\/4&#8243;][\/vc_column][vc_column width=\u00bb1\/2&#8243;][vc_column_text css=\u00bb\u00bb]<\/p>\n<p style=\"text-align: right;\">\u00a0\u00a0\u00a0\u00a0\u00a0\u00a0\u00a0\u00a0\u00a0\u00a0\u00a0 La Plata, 04 de julio 2024<\/p>\n<h3 style=\"text-align: center;\">BANCO PROVINCIA &#8211; Receta Electr\u00f3nica \u00abRCTA\u00bb<\/h3>\n<p>La Obra Social informa que, a partir del d\u00eda 04 de julio, adem\u00e1s de los recetarios en papel oficiales o particulares, aceptar\u00e1 <u>solamente las recetas electr\u00f3nicas de \u201cRCTA\u201d<\/u>. Las cuales deber\u00e1n ser validadas obligatoriamente a trav\u00e9s del acceso: \u201cCONSULTAS\u201d\u2192\u201dPrescripci\u00f3n\u201d, donde deber\u00e1 completar los campos \u201cN\u00famero de Receta\u201d y \u201cN\u00famero de DNI\u201d y realizar la validaci\u00f3n correspondiente. Siendo el sistema el que reconocer\u00e1 la validez de la prescripci\u00f3n.<\/p>\n<p>Al momento de la presentaci\u00f3n, la farmacia deber\u00e1 presentar el comprobante de validaci\u00f3n con la firma y datos del afiliado, datos de la farmacia (Firma y sello), con los troqueles adheridos.<\/p>\n<p>\u2013 Para ver Norma de Atenci\u00f3n, <a href=\"https:\/\/www.colfarma.info\/colfarma\/norma-de-atencion-vigente-julio-2024\/\">Clic aqu\u00ed<\/a>.<strong>\u00a0<\/strong><\/p>\n<h3 style=\"text-align: center;\">JUSTICIA NACIONAL \u2013 Aumento de Tope<\/h3>\n<p>Colegas, informamos que, a partir del 01 de julio, la Obra Social elev\u00f3 el monto del tope de cobertura del\u00a0Co-seguro a\u00a0<strong>$ 9.000,00. <\/strong>\u2013 por unidad farmacol\u00f3gica.<\/p>\n<p>-Para ver Norma de Atenci\u00f3n, <a href=\"https:\/\/www.colfarma.info\/colfarma\/norma-de-atencion-vigente-julio-2024-2\/\">Clic aqu\u00ed<\/a>.<strong>\u00a0<\/strong><\/p>\n<h3 style=\"text-align: center;\">MEDIFE Asociaci\u00f3n Civil \u2013 Cierre de Recetas y Presentaci\u00f3n \u2013 Recordatorio<\/h3>\n<p>Se recuerda que siempre se\u00a0debe\u00a0realizar\u00a0el\u00a0cierre de\u00a0las\u00a0recetas, junto con el resumen de presentaci\u00f3n, <u>a trav\u00e9s de Resumen de Car\u00e1tula de Terceros. La falta de esta modalidad, ser\u00e1 motivo de d\u00e9bito.<\/u><\/p>\n<p>&#8211; Para ver Instructivo de cierre de recetas y Presentaci\u00f3n, <a href=\"https:\/\/www.colfarma.info\/colfarma\/medife-a-c-instructivo-para-el-cierre-de-recetas-y-presentacion\/\">Clic aqu\u00ed<\/a>.<strong>\u00a0<\/strong><\/p>\n<h3 style=\"text-align: center;\">PAMI \u2013 Actualizaci\u00f3n del Precio Pami 1\u00ba de julio<\/h3>\n<p>Informamos que, a partir de la hora 00:00 del 1\u00ba de Julio 2024, el Pami procedi\u00f3 al incremento del Precio PAMI en un 7,83%, sobre el precio vigente al 30 de junio, en cumplimiento a los acuerdos establecidos.<\/p>\n<hr \/>\n<h3 style=\"text-align: center;\">[mks_button size=\u00bblarge\u00bb title=\u00bb Reclamo IOMA Accesorios\u00bb style=\u00bbsquared\u00bb url=\u00bbhttps:\/\/www.colfarma.info\/colfarma\/reclamo-ioma-accesorios\/\u00bb target=\u00bb_self\u00bb bg_color=\u00bb#81d742&#8243; txt_color=\u00bb#FFFFFF\u00bb icon=\u00bb\u00bb icon_type=\u00bb\u00bb nofollow=\u00bb0&#8243;]<\/h3>\n<hr \/>\n<h3 style=\"text-align: center;\">PAMI PA\u00d1ALES \u2013 Nuevos Precios vigentes a partir del 1\u00ba de julio<\/h3>\n<p>Se informan los nuevos precios del Convenio PAMI PA\u00d1ALES vigentes a partir del 1\u00ba de julio, en cumplimiento a los acuerdos de convenio.<\/p>\n<p>Vigentes a partir del 1\u00ba de JULIO (m\u00f3dulos x 90 unidades IVA Incl):<img loading=\"lazy\" decoding=\"async\" class=\"alignnone size-full wp-image-68405 aligncenter\" src=\"https:\/\/www.colfarma.info\/colfarma\/wp-content\/uploads\/Pami-Panales-Julio.png\" alt=\"\" width=\"309\" height=\"267\" srcset=\"https:\/\/www.colfarma.info\/colfarma\/wp-content\/uploads\/Pami-Panales-Julio.png 309w, https:\/\/www.colfarma.info\/colfarma\/wp-content\/uploads\/Pami-Panales-Julio-100x86.png 100w\" sizes=\"auto, (max-width: 309px) 100vw, 309px\" \/><\/p>\n<p>Los nuevos precios de PA\u00d1ALES PEDI\u00c1TRICOS\u00a0a partir del 1\u00ba de JULIO son (<strong>recordando que los pa\u00f1ales pedi\u00e1tricos debe adquirirlos libremente la farmacia dentro de la oferta de pa\u00f1ales comerciales en relaci\u00f3n con las caracter\u00edsticas de cada m\u00f3dulo<\/strong>)<\/p>\n<p>Vigentes\u00a0a partir del 1\u00ba de JULIO (por unidad IVA Incl.)<\/p>\n<p><img loading=\"lazy\" decoding=\"async\" class=\"wp-image-68406 aligncenter\" src=\"https:\/\/www.colfarma.info\/colfarma\/wp-content\/uploads\/Pami-Pediatricos-585x234.png\" alt=\"\" width=\"678\" height=\"271\" srcset=\"https:\/\/www.colfarma.info\/colfarma\/wp-content\/uploads\/Pami-Pediatricos-585x234.png 585w, https:\/\/www.colfarma.info\/colfarma\/wp-content\/uploads\/Pami-Pediatricos-100x40.png 100w, https:\/\/www.colfarma.info\/colfarma\/wp-content\/uploads\/Pami-Pediatricos.png 667w\" sizes=\"auto, (max-width: 678px) 100vw, 678px\" \/><\/p>\n<h3 style=\"text-align: center;\">PAMI \u2013 Actualizaci\u00f3n JULIO por dispensa de Suplementos y honorario por Toma de Presi\u00f3n Arterial<\/h3>\n<p>La COFA informa que en virtud de los acuerdos incluidos en\u00a0la Adenda N\u00ba 1 (2023) al Convenio de Dispensa de Medicamentos Ambulatorios, Clozapinas y Diabetes y el Acta Complementaria N\u00ba\u00a02\u00a0a la Adenda 2023 del Convenio Marco de Adhesi\u00f3n (2018), sus complementarios y\/o modificatorios y pr\u00f3rrogas,\u00a0se establecen\u00a0a partir del\u00a01\u00ba de Julio de 2024\u00a0las actualizaciones para la dispensa de\u00a0Suplementos\u00a0Nutricionales y Servicio Farmac\u00e9utico de Toma de Presi\u00f3n Arterial, siendo los importes los que se consignan a continuaci\u00f3n:<\/p>\n<ul>\n<li>Dispensa de Receta de\u00a0Suplementos\u00a0Nutricionales $ 7.374,23<\/li>\n<li>Servicio Farmac\u00e9utico de toma de presi\u00f3n arterial por afiliado $ 1.018,40<\/li>\n<li><\/li>\n<\/ul>\n<h3 style=\"text-align: center;\">RECETARIO SOLIDARIO \u2013 Actualizaci\u00f3n del Vadem\u00e9cum<\/h3>\n<p>Informamos que el Vadem\u00e9cum ha sido actualizado por la Obra Social.<\/p>\n<p>\u2013 Para ver el mismo,\u00a0<a href=\"https:\/\/www.colfarma.info\/colfarma\/recetario-solidario-vdm-completo-julio24\/\">Clic aqu\u00ed<\/a>.<\/p>\n<h3 style=\"text-align: center;\">UNI\u00d3N PERSONAL \u2013 Prestadores Julio 2024<\/h3>\n<p>Se remite adjunto el listado actualizado de prestadores de Uni\u00f3n Personal vigente para los siguientes partidos: Almirante Brown, Avellaneda, Berazategui, Ca\u00f1uelas, Escobar, Esteban Echeverr\u00eda, Florencio Varela, General San Mart\u00edn, General Sarmiento, Jos\u00e9 C. Paz, La Matanza, Lan\u00fas, Lomas de Zamora, Marcos Paz, Merlo, Moreno, Mor\u00f3n, Pilar, Quilmes, San Fernando, San Isidro, San Vicente, Tigre, Tres de Febrero y Vicente L\u00f3pez.\u00a0<a href=\"https:\/\/www.colfarma.info\/colfarma\/prestadores-up-julio-2024\/\">Clic aqu\u00ed<\/a>.<\/p>\n<hr \/>\n<p>&nbsp;<\/p>\n<p>&nbsp;[\/vc_column_text][vc_cta h2=\u00bbNUEVO IOMA ACCESORIOS: m\u00e1s informaci\u00f3n\u00bb txt_align=\u00bbcenter\u00bb color=\u00bbgreen\u00bb css=\u00bb\u00bb]<\/p>\n<p style=\"text-align: center;\">[mks_button size=\u00bblarge\u00bb title=\u00bbMIR\u00c1 EL INSTRUCTIVO\u00a0 DE VALIDACI\u00d3N Y ANULACI\u00d3N AQU\u00cd\u00bb style=\u00bbsquared\u00bb url=\u00bbhttps:\/\/www.colfarma.info\/colfarma\/ioma-accesorios-instructivo-para-la-validacion-on-line-de-accesorios\/\u00bb target=\u00bb_self\u00bb bg_color=\u00bb#81d742&#8243; txt_color=\u00bb#000000&#8243; icon=\u00bb\u00bb icon_type=\u00bb\u00bb nofollow=\u00bb0&#8243;]<\/p>\n<p style=\"text-align: center;\">[mks_button size=\u00bblarge\u00bb title=\u00bbMIR\u00c1 EL INSTRUCTIVO\u00a0 DE CIERRE AQU\u00cd\u00bb style=\u00bbsquared\u00bb url=\u00bbhttps:\/\/www.colfarma.info\/colfarma\/ioma-accesorios-nuevo-instructivo-para-cierre-de-recetas\/\u00bb target=\u00bb_self\u00bb bg_color=\u00bb#42d7af\u00bb txt_color=\u00bb#000000&#8243; icon=\u00bb\u00bb icon_type=\u00bb\u00bb nofollow=\u00bb0&#8243;]<\/p>\n<p style=\"text-align: center;\">[mks_button size=\u00bblarge\u00bb title=\u00bbPREGUNTAS FRECUENTES AQU\u00cd\u00bb style=\u00bbsquared\u00bb url=\u00bbhttps:\/\/www.colfarma.info\/colfarma\/ioma-accesorios-preguntas-frecuentes\/\u00bb target=\u00bb_blank\u00bb bg_color=\u00bb#eeee22&#8243; txt_color=\u00bb#000000&#8243; icon=\u00bb\u00bb icon_type=\u00bb\u00bb nofollow=\u00bb0&#8243;]<\/p>\n<p>[\/vc_cta][vc_column_text css=\u00bb.vc_custom_1720119789139{padding-bottom: 30px !important;}\u00bb]<\/p>\n<h3 style=\"text-align: center;\"><strong>PAGO DE OBRAS SOCIALES<\/strong><\/h3>\n<p style=\"text-align: center;\">Pami Amb Saldo 1ra MAYO 2024<br \/>\nPami Amb Anticipo 1ra JUN 2024<br \/>\nAndina Art Saldo ABR 2024<br \/>\nAndina Art Anticipo MAYO 2024 (70%)<br \/>\nAvalian (Ex Aca Salud) MAYO 2024<br \/>\nBerkley Anticipo MAYO 2024 (70%)<br \/>\nFebos JUN 2024<br \/>\nFed Patronal Anticipo MAYO 2024 (65%)<br \/>\nGaleno Anticipo MAYO 2024 (70%)<br \/>\nLa Holando Anticipo JUN 2024 (70%)<br \/>\nOsecac Anticipo JUN 2024 (70%)<br \/>\nPoder Judicial Saldo ABR 2024<br \/>\nPoder Judicial Anticipo MAYO 2024<br \/>\nServicio Penitenciario Anticipo MAYO 2024 (80%)<br \/>\nSwiss Medical Art Anticipo MAYO 2024 (70%)<br \/>\nUdocba JUN 2024<br \/>\nVictoria Art Anticipo MAYO 2024 (70%)<br \/>\nBanco Provincia MAYO 2024<br \/>\nBerkley Art Saldo ABR 2024<br \/>\nFamyl JUN 2024<br \/>\nOscap MAYO 2024[\/vc_column_text][vc_btn title=\u00bbESTADO DE PAGO OBRAS SOCIALES\u00bb style=\u00bbcustom\u00bb custom_background=\u00bb#c1d65c\u00bb custom_text=\u00bb#ffffff\u00bb shape=\u00bbsquare\u00bb align=\u00bbcenter\u00bb i_icon_fontawesome=\u00bbfar fa-list-alt\u00bb add_icon=\u00bbtrue\u00bb link=\u00bburl:https%3A%2F%2Fwww.colfarma.info%2Fcolfarma%2Fobras-sociales%2Flistado-de-os-y-pagos%2Flistado-de-obras-sociales%2Festado-de-pagos-de-obras-sociales%2F\u00bb][vc_single_image image=\u00bb49435&#8243; img_size=\u00bblarge\u00bb alignment=\u00bbcenter\u00bb onclick=\u00bbcustom_link\u00bb link=\u00bbhttps:\/\/wa.me\/5492216547529&#8243; title=\u00bbRecuerde que puede hacer sus consultas por WhatsApp y reducir el tiempo de espera\u00bb][vc_single_image image=\u00bb49634&#8243; img_size=\u00bblarge\u00bb alignment=\u00bbcenter\u00bb onclick=\u00bbcustom_link\u00bb link=\u00bbhttps:\/\/www.colfarma.info\/colfarma\/grupos-noticias-obras-sociales\/\u00bb][vc_empty_space][vc_separator color=\u00bbblack\u00bb border_width=\u00bb3&#8243; css=\u00bb\u00bb][vc_single_image image=\u00bb65459&#8243; img_size=\u00bbfull\u00bb onclick=\u00bbcustom_link\u00bb css=\u00bb.vc_custom_1714072215056{padding-top: 20px !important;}\u00bb link=\u00bbhttps:\/\/www.amffa.com.ar\/suma-amffa-a-tu-farmacia-y-obtene-mejores-beneficios\/\u00bb][\/vc_column][vc_column width=\u00bb1\/4&#8243;][\/vc_column][\/vc_row]<\/p>\n","protected":false},"excerpt":{"rendered":"<p>[vc_row][vc_column width=\u00bb1\/4&#8243;][\/vc_column][vc_column width=\u00bb1\/2&#8243;][vc_column_text css=\u00bb\u00bb] \u00a0\u00a0\u00a0\u00a0\u00a0\u00a0\u00a0\u00a0\u00a0\u00a0\u00a0 La Plata, 04 de julio 2024 BANCO PROVINCIA &#8211; Receta Electr\u00f3nica \u00abRCTA\u00bb La Obra Social informa que, a partir del d\u00eda 04 de julio, adem\u00e1s de los recetarios en papel oficiales o particulares, aceptar\u00e1 solamente las recetas electr\u00f3nicas de \u201cRCTA\u201d. Las cuales deber\u00e1n ser validadas obligatoriamente a trav\u00e9s del acceso: [&hellip;]<\/p>\n","protected":false},"author":7,"featured_media":0,"comment_status":"closed","ping_status":"closed","sticky":false,"template":"","format":"standard","meta":{"footnotes":""},"categories":[1154,1],"tags":[],"class_list":["post-68404","post","type-post","status-publish","format-standard","hentry","category-boletin-de-obras-sociales","category-noticias"],"_links":{"self":[{"href":"https:\/\/www.colfarma.info\/colfarma\/wp-json\/wp\/v2\/posts\/68404","targetHints":{"allow":["GET"]}}],"collection":[{"href":"https:\/\/www.colfarma.info\/colfarma\/wp-json\/wp\/v2\/posts"}],"about":[{"href":"https:\/\/www.colfarma.info\/colfarma\/wp-json\/wp\/v2\/types\/post"}],"author":[{"embeddable":true,"href":"https:\/\/www.colfarma.info\/colfarma\/wp-json\/wp\/v2\/users\/7"}],"replies":[{"embeddable":true,"href":"https:\/\/www.colfarma.info\/colfarma\/wp-json\/wp\/v2\/comments?post=68404"}],"version-history":[{"count":0,"href":"https:\/\/www.colfarma.info\/colfarma\/wp-json\/wp\/v2\/posts\/68404\/revisions"}],"wp:attachment":[{"href":"https:\/\/www.colfarma.info\/colfarma\/wp-json\/wp\/v2\/media?parent=68404"}],"wp:term":[{"taxonomy":"category","embeddable":true,"href":"https:\/\/www.colfarma.info\/colfarma\/wp-json\/wp\/v2\/categories?post=68404"},{"taxonomy":"post_tag","embeddable":true,"href":"https:\/\/www.colfarma.info\/colfarma\/wp-json\/wp\/v2\/tags?post=68404"}],"curies":[{"name":"wp","href":"https:\/\/api.w.org\/{rel}","templated":true}]}}