{"id":83419,"date":"2025-05-15T09:05:43","date_gmt":"2025-05-15T12:05:43","guid":{"rendered":"https:\/\/www.colfarma.info\/colfarma\/?p=83419"},"modified":"2025-05-15T09:13:54","modified_gmt":"2025-05-15T12:13:54","slug":"conferencia-on-line-fiebre-tifoidea-dra-claudia-novello-actividad-asincronica-por-campus-virtual","status":"publish","type":"post","link":"https:\/\/www.colfarma.info\/colfarma\/conferencia-on-line-fiebre-tifoidea-dra-claudia-novello-actividad-asincronica-por-campus-virtual\/","title":{"rendered":"CONFERENCIA ON LINE: FIEBRE TIFOIDEA. Dra. Claudia Novello. Actividad Asincr\u00f3nica por Campus Virtual"},"content":{"rendered":"<p><img loading=\"lazy\" decoding=\"async\" class=\"wp-image-83702 alignleft\" src=\"https:\/\/www.colfarma.info\/colfarma\/wp-content\/uploads\/Fiebre-Tifoidea_WEB-150x150.jpg\" alt=\"\" width=\"400\" height=\"500\" srcset=\"https:\/\/www.colfarma.info\/colfarma\/wp-content\/uploads\/Fiebre-Tifoidea_WEB-585x731.jpg 585w, https:\/\/www.colfarma.info\/colfarma\/wp-content\/uploads\/Fiebre-Tifoidea_WEB-1200x1500.jpg 1200w, https:\/\/www.colfarma.info\/colfarma\/wp-content\/uploads\/Fiebre-Tifoidea_WEB-768x960.jpg 768w, https:\/\/www.colfarma.info\/colfarma\/wp-content\/uploads\/Fiebre-Tifoidea_WEB-1229x1536.jpg 1229w, https:\/\/www.colfarma.info\/colfarma\/wp-content\/uploads\/Fiebre-Tifoidea_WEB-1639x2048.jpg 1639w, https:\/\/www.colfarma.info\/colfarma\/wp-content\/uploads\/Fiebre-Tifoidea_WEB-100x125.jpg 100w, https:\/\/www.colfarma.info\/colfarma\/wp-content\/uploads\/Fiebre-Tifoidea_WEB-scaled.jpg 2048w\" sizes=\"auto, (max-width: 400px) 100vw, 400px\" \/>El Colegio de Farmac\u00e9uticos de la Provincia de Buenos Aires a trav\u00e9s de la Comisi\u00f3n Cient\u00edfica, el Departamento de Educaci\u00f3n y Actualizaci\u00f3n Profesional y su Servicio de Capacitaci\u00f3n por Gesti\u00f3n de Educaci\u00f3n a Distancia, participa a la Comunidad Farmac\u00e9utica Bonaerense, una nueva capacitaci\u00f3n sobre <span style=\"color: #ff0000;\"><strong>FIEBRE TIFOIDEA.<\/strong><\/span> Conferencia On line, ASINCR\u00d3NICA, por campus virtual colfarma.<\/p>\n<p><strong>FUNDAMENTACI\u00d3N:\u00a0<\/strong>La fiebre tifoidea (fiebre ent\u00e9rica) es una enfermedad sist\u00e9mica causada por la bacteria gramnegativa Salmonella ent\u00e9rica serotipo typhi (S. Typhi) que afecta al intestino y se disemina a trav\u00e9s del torrente sangu\u00edneo, pudiendo impactar en cualquier \u00f3rgano noble \u2014coraz\u00f3n, ri\u00f1\u00f3n, h\u00edgado, cerebro\u2014 y generar complicaciones graves que pueden incluso derivar en la muerte.\u00a0La bacteria se propaga por medio del consumo de alimentos \u00f3 agua contaminados con materia fecal, tambi\u00e9n a trav\u00e9s de las manos y se encuentra m\u00e1s frecuentemente en zonas donde hay deficiencias en el acceso al agua potable y al saneamiento b\u00e1sico.\u00a0El inter\u00e9s por este tema obedece a la existencia de un brote de fiebre tifoidea que encendi\u00f3 las alarmas sanitarias en el partido bonaerense de Tres de Febrero, donde ya se confirmaron quince personas infectadas.\u00a0Los afectados tienen entre 6 y 53 a\u00f1os, y al menos seis de ellos debieron ser hospitalizados; dos permanecieron en terapia intensiva. Una mujer falleci\u00f3 tras haber estado internada, aunque a\u00fan no se confirm\u00f3 oficialmente si el deceso fue consecuencia directa de la fiebre tifoidea.<\/p>\n<p>Se trata del brote m\u00e1s importante registrado en Argentina en m\u00e1s de dos d\u00e9cadas. El \u00faltimo episodio de similares caracter\u00edsticas hab\u00eda ocurrido en 2004, lo que marca la excepcionalidad del evento actual.\u00a0Seg\u00fan inform\u00f3 el Ministerio de Salud de la Naci\u00f3n, el brote habr\u00eda comenzado a mediados de marzo y se presume que fue originado por una contaminaci\u00f3n bacteriana en el sistema de agua de los domicilios.<\/p>\n<p><strong><em><u>OBJETIVOS<\/u><\/em><\/strong><\/p>\n<p>a) GENERALES<\/p>\n<p>Mediante la realizaci\u00f3n de la actividad propuesta se espera que los participantes adquirieran un mayor conocimiento sobre el tema<\/p>\n<p>b) ESPEC\u00cdFICOS<\/p>\n<p>Este conocimiento permitir\u00e1 a los profesionales farmac\u00e9uticos saber responder las consultas que pudieran recibir al respecto<\/p>\n<p>Contenidos:\u00a0Fiebre tifoidea.\u00a0Caracter\u00edsticas de la infecci\u00f3n y resoluci\u00f3n.\u00a0Prevenci\u00f3n<\/p>\n<p><u>Duraci\u00f3n estimada:<\/u> 90 minutos<\/p>\n<p><strong>Disertante: Dra. Claudia Novello<\/strong><\/p>\n<p><span style=\"color: #000000;\">DISPONIBLE EN EL CAMPUS VIRTUAL A PARTIR DEL 21\/05\/2025<\/span><\/p>\n<p>ACTIVIDAD ASINCR\u00d3NICA Y POR CAMPUS VIRTUAL <strong>CON INSCRIPCI\u00d3N PREVIA<\/strong><\/p>\n<p>INVERSI\u00d3N:<\/p>\n<p>Matriculados: $10.000<br \/>\n<b style=\"color: #ff0000;\">FICHA DE <\/b><span style=\"color: #ff0000;\"><b>INSCRIPCI\u00d3N<\/b><\/span><b style=\"color: #ff0000;\"> PARA MATRICULADOS\u00a0 <a href=\"http:\/\/www.adminportal.cfpba.org.ar\/servicios\/compras.aspx?p=2205\"><span style=\"color: #0000ff;\">CLIC AQU\u00cd.<\/span><\/a><\/b><\/p>\n<p>Otros Cursantes: $25.000<\/p>\n<p><b style=\"color: #ff0000;\">FICHA DE <\/b><span style=\"color: #ff0000;\"><b>INSCRIPCI\u00d3N<\/b><\/span><b style=\"color: #ff0000;\"> PARA OTROS CURSANTES: <a href=\"http:\/\/www.adminportal.cfpba.org.ar\/nomatriculados\/frmFichaAdhesion.aspx?p=2208\"><span style=\"color: #0000ff;\">CLIC AQU\u00cd.<\/span><\/a><\/b><\/p>\n<p>Con la inscripci\u00f3n y participaci\u00f3n, podr\u00e1 descargar su correspondiente certificado, una vez finalizada la edici\u00f3n de la misma.<\/p>\n<p>Para cualquier consulta escrib\u00ed a <a href=\"mailto:capacitacion@colfarma.org.ar\">capacitacion@colfarma.org.ar<\/a> o por Whatsapp haciendo <a href=\"http:\/\/wa.me\/5492216568050\">clic aqu\u00ed<\/a><\/p>\n","protected":false},"excerpt":{"rendered":"<p>El Colegio de Farmac\u00e9uticos de la Provincia de Buenos Aires a trav\u00e9s de la Comisi\u00f3n Cient\u00edfica, el Departamento de Educaci\u00f3n y Actualizaci\u00f3n Profesional y su Servicio de Capacitaci\u00f3n por Gesti\u00f3n de Educaci\u00f3n a Distancia, participa a la Comunidad Farmac\u00e9utica Bonaerense, una nueva capacitaci\u00f3n sobre FIEBRE TIFOIDEA. Conferencia On line, ASINCR\u00d3NICA, por campus virtual colfarma. FUNDAMENTACI\u00d3N:\u00a0La [&hellip;]<\/p>\n","protected":false},"author":8,"featured_media":83702,"comment_status":"closed","ping_status":"closed","sticky":false,"template":"","format":"standard","meta":{"footnotes":""},"categories":[1125,4,943,1],"tags":[],"class_list":["post-83419","post","type-post","status-publish","format-standard","has-post-thumbnail","hentry","category-actividades-de-capacitacion","category-deap","category-conferencias-virtuales","category-noticias"],"_links":{"self":[{"href":"https:\/\/www.colfarma.info\/colfarma\/wp-json\/wp\/v2\/posts\/83419","targetHints":{"allow":["GET"]}}],"collection":[{"href":"https:\/\/www.colfarma.info\/colfarma\/wp-json\/wp\/v2\/posts"}],"about":[{"href":"https:\/\/www.colfarma.info\/colfarma\/wp-json\/wp\/v2\/types\/post"}],"author":[{"embeddable":true,"href":"https:\/\/www.colfarma.info\/colfarma\/wp-json\/wp\/v2\/users\/8"}],"replies":[{"embeddable":true,"href":"https:\/\/www.colfarma.info\/colfarma\/wp-json\/wp\/v2\/comments?post=83419"}],"version-history":[{"count":5,"href":"https:\/\/www.colfarma.info\/colfarma\/wp-json\/wp\/v2\/posts\/83419\/revisions"}],"predecessor-version":[{"id":83875,"href":"https:\/\/www.colfarma.info\/colfarma\/wp-json\/wp\/v2\/posts\/83419\/revisions\/83875"}],"wp:featuredmedia":[{"embeddable":true,"href":"https:\/\/www.colfarma.info\/colfarma\/wp-json\/wp\/v2\/media\/83702"}],"wp:attachment":[{"href":"https:\/\/www.colfarma.info\/colfarma\/wp-json\/wp\/v2\/media?parent=83419"}],"wp:term":[{"taxonomy":"category","embeddable":true,"href":"https:\/\/www.colfarma.info\/colfarma\/wp-json\/wp\/v2\/categories?post=83419"},{"taxonomy":"post_tag","embeddable":true,"href":"https:\/\/www.colfarma.info\/colfarma\/wp-json\/wp\/v2\/tags?post=83419"}],"curies":[{"name":"wp","href":"https:\/\/api.w.org\/{rel}","templated":true}]}}