{"id":84083,"date":"2025-05-21T11:36:32","date_gmt":"2025-05-21T14:36:32","guid":{"rendered":"https:\/\/www.colfarma.info\/colfarma\/?p=84083"},"modified":"2025-05-21T11:36:32","modified_gmt":"2025-05-21T14:36:32","slug":"polifarmacia-cambios-anatomicos-y-funcionales-que-modifican-la-farmacocinetica-y-farmacodinamia-en-las-personas-mayores-filial-tres-de-febrero","status":"publish","type":"post","link":"https:\/\/www.colfarma.info\/colfarma\/polifarmacia-cambios-anatomicos-y-funcionales-que-modifican-la-farmacocinetica-y-farmacodinamia-en-las-personas-mayores-filial-tres-de-febrero\/","title":{"rendered":"POLIFARMACIA. Cambios anat\u00f3micos y funcionales que modifican la farmacocin\u00e9tica y farmacodinamia en las personas mayores. Filial Tres de Febrero"},"content":{"rendered":"<p><img loading=\"lazy\" decoding=\"async\" class=\"wp-image-84086 alignleft\" src=\"https:\/\/www.colfarma.info\/colfarma\/wp-content\/uploads\/Polifarmacia_PRESENCIAL1080-150x150.jpg\" alt=\"\" width=\"400\" height=\"500\" srcset=\"https:\/\/www.colfarma.info\/colfarma\/wp-content\/uploads\/Polifarmacia_PRESENCIAL1080-585x731.jpg 585w, https:\/\/www.colfarma.info\/colfarma\/wp-content\/uploads\/Polifarmacia_PRESENCIAL1080-768x960.jpg 768w, https:\/\/www.colfarma.info\/colfarma\/wp-content\/uploads\/Polifarmacia_PRESENCIAL1080-100x125.jpg 100w, https:\/\/www.colfarma.info\/colfarma\/wp-content\/uploads\/Polifarmacia_PRESENCIAL1080.jpg 1080w\" sizes=\"auto, (max-width: 400px) 100vw, 400px\" \/>Fecha:\u00a0 10\/06\/2025. Inicio 14 hs<\/p>\n<p>Lugar de Realizaci\u00f3n: Calle Asamblea 4312 esquina Dante, Caseros. Sede Filial Tres de Febrero.<\/p>\n<p>Cierre de Inscripci\u00f3n a las 13 hs. (10\/06\/2025)<\/p>\n<p><span style=\"color: #ff0000;\"><strong>Importante:<\/strong> Inscripciones exclusivamente on line.\u00a0<\/span><\/p>\n<p>Inscripci\u00f3n Farmac\u00e9uticos Matriculados C.F.P.B.A : <a href=\"http:\/\/www.adminportal.cfpba.org.ar\/servicios\/compras.aspx?p=2212\"><strong><span style=\"color: #0000ff;\">clic aqu\u00ed.\u00a0<\/span><\/strong><\/a><\/p>\n<p>Para mas informaci\u00f3n <a href=\"mailto:colfar3f@gmail.com\">colfar3f@gmail.com<\/a><\/p>\n","protected":false},"excerpt":{"rendered":"<p>Fecha:\u00a0 10\/06\/2025. Inicio 14 hs Lugar de Realizaci\u00f3n: Calle Asamblea 4312 esquina Dante, Caseros. Sede Filial Tres de Febrero. Cierre de Inscripci\u00f3n a las 13 hs. (10\/06\/2025) Importante: Inscripciones exclusivamente on line.\u00a0 Inscripci\u00f3n Farmac\u00e9uticos Matriculados C.F.P.B.A : clic aqu\u00ed.\u00a0 Para mas informaci\u00f3n colfar3f@gmail.com<\/p>\n","protected":false},"author":8,"featured_media":84086,"comment_status":"closed","ping_status":"closed","sticky":false,"template":"","format":"standard","meta":{"footnotes":""},"categories":[1125,4,1083,1],"tags":[],"class_list":["post-84083","post","type-post","status-publish","format-standard","has-post-thumbnail","hentry","category-actividades-de-capacitacion","category-deap","category-conferencias-presenciales","category-noticias"],"_links":{"self":[{"href":"https:\/\/www.colfarma.info\/colfarma\/wp-json\/wp\/v2\/posts\/84083","targetHints":{"allow":["GET"]}}],"collection":[{"href":"https:\/\/www.colfarma.info\/colfarma\/wp-json\/wp\/v2\/posts"}],"about":[{"href":"https:\/\/www.colfarma.info\/colfarma\/wp-json\/wp\/v2\/types\/post"}],"author":[{"embeddable":true,"href":"https:\/\/www.colfarma.info\/colfarma\/wp-json\/wp\/v2\/users\/8"}],"replies":[{"embeddable":true,"href":"https:\/\/www.colfarma.info\/colfarma\/wp-json\/wp\/v2\/comments?post=84083"}],"version-history":[{"count":3,"href":"https:\/\/www.colfarma.info\/colfarma\/wp-json\/wp\/v2\/posts\/84083\/revisions"}],"predecessor-version":[{"id":84090,"href":"https:\/\/www.colfarma.info\/colfarma\/wp-json\/wp\/v2\/posts\/84083\/revisions\/84090"}],"wp:featuredmedia":[{"embeddable":true,"href":"https:\/\/www.colfarma.info\/colfarma\/wp-json\/wp\/v2\/media\/84086"}],"wp:attachment":[{"href":"https:\/\/www.colfarma.info\/colfarma\/wp-json\/wp\/v2\/media?parent=84083"}],"wp:term":[{"taxonomy":"category","embeddable":true,"href":"https:\/\/www.colfarma.info\/colfarma\/wp-json\/wp\/v2\/categories?post=84083"},{"taxonomy":"post_tag","embeddable":true,"href":"https:\/\/www.colfarma.info\/colfarma\/wp-json\/wp\/v2\/tags?post=84083"}],"curies":[{"name":"wp","href":"https:\/\/api.w.org\/{rel}","templated":true}]}}