{"id":84818,"date":"2025-06-12T11:50:14","date_gmt":"2025-06-12T14:50:14","guid":{"rendered":"https:\/\/www.colfarma.info\/colfarma\/?p=84818"},"modified":"2025-06-12T11:50:55","modified_gmt":"2025-06-12T14:50:55","slug":"hablemos-de-sibo-diarrea-y-probioticos-filial-lujan","status":"publish","type":"post","link":"https:\/\/www.colfarma.info\/colfarma\/hablemos-de-sibo-diarrea-y-probioticos-filial-lujan\/","title":{"rendered":"HABLEMOS DE SIBO: Diarrea y probi\u00f3ticos. Filial Luj\u00e1n"},"content":{"rendered":"<p><img loading=\"lazy\" decoding=\"async\" class=\"wp-image-84819 alignleft\" src=\"https:\/\/www.colfarma.info\/colfarma\/wp-content\/uploads\/Hablemos-de-SIBO_PRESENCIAL1080-1-150x150.jpg\" alt=\"\" width=\"400\" height=\"500\" srcset=\"https:\/\/www.colfarma.info\/colfarma\/wp-content\/uploads\/Hablemos-de-SIBO_PRESENCIAL1080-1-585x731.jpg 585w, https:\/\/www.colfarma.info\/colfarma\/wp-content\/uploads\/Hablemos-de-SIBO_PRESENCIAL1080-1-768x960.jpg 768w, https:\/\/www.colfarma.info\/colfarma\/wp-content\/uploads\/Hablemos-de-SIBO_PRESENCIAL1080-1-100x125.jpg 100w, https:\/\/www.colfarma.info\/colfarma\/wp-content\/uploads\/Hablemos-de-SIBO_PRESENCIAL1080-1.jpg 1080w\" sizes=\"auto, (max-width: 400px) 100vw, 400px\" \/>Fecha: 02 de Julio. Inicio 13 hs<\/p>\r\n<!-- \/wp:post-content -->\r\n\r\n<!-- wp:paragraph -->\r\n<p>Lugar de Realizaci\u00f3n: ALSINA 832. Filial Lujan<\/p>\r\n<!-- \/wp:paragraph -->\r\n\r\n<!-- wp:paragraph -->\r\n<p>Cierre de Inscripci\u00f3n a las 12 hs. (02\/07\/2025)<\/p>\r\n<!-- \/wp:paragraph -->\r\n\r\n<!-- wp:paragraph -->\r\n<p><strong><span style=\"color: #ff0000;\">Importante: Inscripciones exclusivamente on line<\/span>\u00a0<\/strong><\/p>\r\n<!-- \/wp:paragraph -->\r\n\r\n<!-- wp:paragraph -->\r\n<p>Inscripci\u00f3n Farmac\u00e9uticos Matriculados: <a href=\"http:\/\/www.adminportal.cfpba.org.ar\/servicios\/compras.aspx?p=2229\"><strong>clic aqu\u00ed<\/strong> <\/a> Para mas informaci\u00f3n <a href=\"mailto:coflujan1@gmail.com\">coflujan1@gmail.com<\/a><\/p>","protected":false},"excerpt":{"rendered":"<p>Fecha: 02 de Julio. Inicio 13 hs Lugar de Realizaci\u00f3n: ALSINA 832. Filial Lujan Cierre de Inscripci\u00f3n a las 12 hs. (02\/07\/2025) Importante: Inscripciones exclusivamente on line\u00a0 Inscripci\u00f3n Farmac\u00e9uticos Matriculados: clic aqu\u00ed Para mas informaci\u00f3n coflujan1@gmail.com<\/p>\n","protected":false},"author":8,"featured_media":84819,"comment_status":"closed","ping_status":"closed","sticky":false,"template":"","format":"standard","meta":{"footnotes":""},"categories":[1125,4,1083],"tags":[],"class_list":["post-84818","post","type-post","status-publish","format-standard","has-post-thumbnail","hentry","category-actividades-de-capacitacion","category-deap","category-conferencias-presenciales"],"_links":{"self":[{"href":"https:\/\/www.colfarma.info\/colfarma\/wp-json\/wp\/v2\/posts\/84818","targetHints":{"allow":["GET"]}}],"collection":[{"href":"https:\/\/www.colfarma.info\/colfarma\/wp-json\/wp\/v2\/posts"}],"about":[{"href":"https:\/\/www.colfarma.info\/colfarma\/wp-json\/wp\/v2\/types\/post"}],"author":[{"embeddable":true,"href":"https:\/\/www.colfarma.info\/colfarma\/wp-json\/wp\/v2\/users\/8"}],"replies":[{"embeddable":true,"href":"https:\/\/www.colfarma.info\/colfarma\/wp-json\/wp\/v2\/comments?post=84818"}],"version-history":[{"count":2,"href":"https:\/\/www.colfarma.info\/colfarma\/wp-json\/wp\/v2\/posts\/84818\/revisions"}],"predecessor-version":[{"id":84837,"href":"https:\/\/www.colfarma.info\/colfarma\/wp-json\/wp\/v2\/posts\/84818\/revisions\/84837"}],"wp:featuredmedia":[{"embeddable":true,"href":"https:\/\/www.colfarma.info\/colfarma\/wp-json\/wp\/v2\/media\/84819"}],"wp:attachment":[{"href":"https:\/\/www.colfarma.info\/colfarma\/wp-json\/wp\/v2\/media?parent=84818"}],"wp:term":[{"taxonomy":"category","embeddable":true,"href":"https:\/\/www.colfarma.info\/colfarma\/wp-json\/wp\/v2\/categories?post=84818"},{"taxonomy":"post_tag","embeddable":true,"href":"https:\/\/www.colfarma.info\/colfarma\/wp-json\/wp\/v2\/tags?post=84818"}],"curies":[{"name":"wp","href":"https:\/\/api.w.org\/{rel}","templated":true}]}}