{"id":85039,"date":"2025-06-17T12:59:34","date_gmt":"2025-06-17T15:59:34","guid":{"rendered":"https:\/\/www.colfarma.info\/colfarma\/?p=85039"},"modified":"2025-09-17T10:02:29","modified_gmt":"2025-09-17T13:02:29","slug":"xxxi-congreso-farmaceutico-argentino-caba-cofa-inscripcion","status":"publish","type":"post","link":"https:\/\/www.colfarma.info\/colfarma\/xxxi-congreso-farmaceutico-argentino-caba-cofa-inscripcion\/","title":{"rendered":"XXXI CONGRESO FARMAC\u00c9UTICO ARGENTINO. CABA \/\/ COFA. INSCRIPCI\u00d3N!!"},"content":{"rendered":"<p><img loading=\"lazy\" decoding=\"async\" class=\"wp-image-85066 alignleft\" src=\"https:\/\/www.colfarma.info\/colfarma\/wp-content\/uploads\/Logo-final-01-scaled-1.jpg\" alt=\"\" width=\"400\" height=\"181\" srcset=\"https:\/\/www.colfarma.info\/colfarma\/wp-content\/uploads\/Logo-final-01-scaled-1.jpg 2560w, https:\/\/www.colfarma.info\/colfarma\/wp-content\/uploads\/Logo-final-01-scaled-1-585x265.jpg 585w, https:\/\/www.colfarma.info\/colfarma\/wp-content\/uploads\/Logo-final-01-scaled-1-1200x544.jpg 1200w, https:\/\/www.colfarma.info\/colfarma\/wp-content\/uploads\/Logo-final-01-scaled-1-768x348.jpg 768w, https:\/\/www.colfarma.info\/colfarma\/wp-content\/uploads\/Logo-final-01-scaled-1-1536x697.jpg 1536w, https:\/\/www.colfarma.info\/colfarma\/wp-content\/uploads\/Logo-final-01-scaled-1-2048x929.jpg 2048w, https:\/\/www.colfarma.info\/colfarma\/wp-content\/uploads\/Logo-final-01-scaled-1-100x45.jpg 100w\" sizes=\"auto, (max-width: 400px) 100vw, 400px\" \/>Estimados Colegas!!!!!!<\/p>\n<p>Tenemos el agrado de dirigirnos a Ud. con el prop\u00f3sito de anunciar la organizaci\u00f3n del \u201cXXXI Congreso Farmac\u00e9utico Argentino:\u00a0 <strong>\u201c90 a\u00f1os de evoluci\u00f3n y resiliencia farmac\u00e9utica\u201d<\/strong>,<\/p>\n<p>se realizar\u00e1 los d\u00edas<strong>\u00a09, 10 y 11 de Octubre<\/strong>\u00a0la XXXI edici\u00f3n del Congreso Farmac\u00e9utico Argentino en la Ciudad de Buenos Aires, en el marco de la celebraci\u00f3n del 90\u00b0 aniversario de la Confederaci\u00f3n Farmac\u00e9utica Argentina (COFA).<\/p>\n<p>Este evento, organizado por la COFA con la colaboraci\u00f3n del Colegio de Farmac\u00e9uticos y Bioqu\u00edmicos de la Capital Federal, contendr\u00e1 tambi\u00e9n la Asamblea del Foro Farmac\u00e9utico de las Am\u00e9ricas y el\u00a0<strong>3\u00b0 Foro Farmac\u00e9utico Argentino<\/strong>. Ser\u00e1 un encuentro hist\u00f3rico para la farmacia en nuestro pa\u00eds.<\/p>\n<p>Durante tres jornadas se desarrollar\u00e1n en el\u00a0<strong>Complejo Goldencenter de Parque Norte<\/strong>\u00a0m\u00e1s de 20 mesas tem\u00e1ticas con la participaci\u00f3n de\u00a0<strong>m\u00e1s de 40 referentes nacionales e internacionales<\/strong>, que compartir\u00e1n los \u00faltimos avances de la profesi\u00f3n en todos los campos:<strong>\u00a0biotecnolog\u00eda farmac\u00e9utica, formulaciones magistrales, medicina del bienestar, hipertensi\u00f3n, acceso a la salud, comunicaci\u00f3n cient\u00edfica, impresi\u00f3n 3D, inteligencia artificial, la ciencia del aroma, dermocosm\u00e9tica, radiofarmacia, enfermedades respiratorias y tuberculosis, entre muchos otros temas.<\/strong><\/p>\n<p>Adem\u00e1s, habr\u00e1 espacios de an\u00e1lisis y debate sobre la actualidad de nuestro pa\u00eds y el rol del farmac\u00e9utico en un mundo en constante cambio, con foco en su inserci\u00f3n laboral, su rol en la salud p\u00fablica y las innovaciones en la pr\u00e1ctica profesional.<\/p>\n<p>Como parte del programa cient\u00edfico, habr\u00e1 una\u00a0<strong>exhibici\u00f3n de e-posters<\/strong>\u00a0en las \u00e1reas de Actividad Profesional en Farmacia, Educaci\u00f3n Farmac\u00e9utica, Gesti\u00f3n de Salud e Investigaci\u00f3n y Desarrollo.<\/p>\n<p>Tambi\u00e9n en el marco del Congreso se realizar\u00e1 una importante exposici\u00f3n comercial en la que los principales laboratorios, droguer\u00edas y proveedores del sector farmac\u00e9utico presentar\u00e1n sus lanzamientos y promociones.<\/p>\n<p>Con una mirada integradora, este Congreso celebra el pasado y presente de nuestra profesi\u00f3n, pero sobre todo, proyecta su futuro promoviendo nuevos avances y tendencias y afianzando el compromiso con una farmacia m\u00e1s cient\u00edfica, humana y cercana a la comunidad.<\/p>\n<p>Muy pronto compartiremos m\u00e1s informaci\u00f3n sobre la inscripci\u00f3n en los Colegios y el programa cient\u00edfico.<\/p>\n<p><strong>\u00a1Los esperamos para vivir juntos este Congreso hist\u00f3rico y construir el futuro de la Farmacia argentina!<\/strong><\/p>\n<p>\u00a1Inscripciones Disponibles! EXCLUSIVO PARA MATRICULADOS!!!!<\/p>\n<p>A continuaci\u00f3n, detallamos alcance de la inscripci\u00f3n y valor de la misma:<\/p>\n<p>CUPOS LIMITADOS \/\/ INSCRIPCI\u00d3N<br \/>\nFarmac\u00e9utico Matriculado en COLFARMA:<\/p>\n<p>Valor final: $135.000 hasta el 25 de septiembre <span style=\"color: #0000ff;\"><strong><a style=\"color: #0000ff;\" href=\"http:\/\/www.adminportal.cfpba.org.ar\/servicios\/compras.aspx?p=2231\">clic aqu\u00ed<\/a><\/strong><\/span><\/p>\n<p>Acompa\u00f1antes: $180.000 hasta el 25 de septiembre. <a href=\"http:\/\/www.adminportal.cfpba.org.ar\/servicios\/compras.aspx?p=2232\"><strong>clic aqu\u00ed<\/strong><\/a><\/p>\n<p>LA INSCRIPCI\u00d3N PARA EL FARMAC\u00c9UTICO MATRICULADO INCLUYE:<br \/>\n\u2713 Acceso a todas las conferencias y al Foro Farmac\u00e9utico Argentino<br \/>\n\u2713 Exhibici\u00f3n de trabajos cient\u00edficos<br \/>\n\u2713 Expo comercial<br \/>\n\u2713 Cocktail de Bienvenida<br \/>\n\u2713 Lunch box viernes 10<br \/>\n\u2713 Coffee break todos los d\u00edas<br \/>\n\u2713 Fiesta de Clausura en el Goldencenter<br \/>\n<span style=\"color: #ff0000;\"><strong>\u2713 NO INCLUYE ALOJAMIENTO NI TRASLADOS<\/strong><\/span><\/p>\n<p>LA INSCRIPCI\u00d3N PARA EL ACOMPA\u00d1ANTE INCLUYE:<br \/>\n\u2713 Expo comercial<br \/>\n\u2713 Cocktail de Bienvenida<br \/>\n\u2713 Fiesta de Clausura<br \/>\n<strong><span style=\"color: #ff0000;\">\u2713 NO INCLUYE ALOJAMIENTO NI TRASLADOS<\/span><\/strong><\/p>\n<p>Para visualizar el programa preliminar haga <span style=\"color: #0000ff;\">clic aqu\u00ed<\/span> PROXIMAMENTE<\/p>\n<p>Estudiantes del \u00faltimo a\u00f1o \u2013 Precio Especial: $50.000.- Incluye Alojamiento cualquier duda consultar a <a href=\"mailto:eventos@cofa.org.ar\">eventos@cofa.org.ar<\/a><\/p>\n<p>\u2713 Acceso a todas las conferencias y al Foro Farmac\u00e9utico Argentino<br \/>\n\u2713 Exhibici\u00f3n de trabajos cient\u00edficos<br \/>\n\u2713 Expo comercial<br \/>\n\u2713 Cocktail de Bienvenida<br \/>\n\u2713 Lunch box viernes 10<br \/>\n\u2713 Coffee break todos los d\u00edas<br \/>\n\u2713 Fiesta de Clausura en el Goldencenter<\/p>\n<p>&nbsp;<\/p>\n<p>Para cualquier consulta escrib\u00ed a <a href=\"mailto:capacitacion@colfarma.org.ar\">capacitacion@colfarma.org.ar<\/a> o por Whatsapp haciendo <strong><a href=\"http:\/\/wa.me\/5492216568050\">clic aqu\u00ed<\/a><\/strong><\/p>\n<p>&nbsp;<\/p>\n<p>&nbsp;<\/p>\n","protected":false},"excerpt":{"rendered":"<p>Estimados Colegas!!!!!! Tenemos el agrado de dirigirnos a Ud. con el prop\u00f3sito de anunciar la organizaci\u00f3n del \u201cXXXI Congreso Farmac\u00e9utico Argentino:\u00a0 \u201c90 a\u00f1os de evoluci\u00f3n y resiliencia farmac\u00e9utica\u201d, se realizar\u00e1 los d\u00edas\u00a09, 10 y 11 de Octubre\u00a0la XXXI edici\u00f3n del Congreso Farmac\u00e9utico Argentino en la Ciudad de Buenos Aires, en el marco de la celebraci\u00f3n [&hellip;]<\/p>\n","protected":false},"author":8,"featured_media":85066,"comment_status":"closed","ping_status":"closed","sticky":false,"template":"","format":"standard","meta":{"footnotes":""},"categories":[1125,4,1,527],"tags":[],"class_list":["post-85039","post","type-post","status-publish","format-standard","has-post-thumbnail","hentry","category-actividades-de-capacitacion","category-deap","category-noticias","category-otras-actividades-cientificas"],"_links":{"self":[{"href":"https:\/\/www.colfarma.info\/colfarma\/wp-json\/wp\/v2\/posts\/85039","targetHints":{"allow":["GET"]}}],"collection":[{"href":"https:\/\/www.colfarma.info\/colfarma\/wp-json\/wp\/v2\/posts"}],"about":[{"href":"https:\/\/www.colfarma.info\/colfarma\/wp-json\/wp\/v2\/types\/post"}],"author":[{"embeddable":true,"href":"https:\/\/www.colfarma.info\/colfarma\/wp-json\/wp\/v2\/users\/8"}],"replies":[{"embeddable":true,"href":"https:\/\/www.colfarma.info\/colfarma\/wp-json\/wp\/v2\/comments?post=85039"}],"version-history":[{"count":9,"href":"https:\/\/www.colfarma.info\/colfarma\/wp-json\/wp\/v2\/posts\/85039\/revisions"}],"predecessor-version":[{"id":85332,"href":"https:\/\/www.colfarma.info\/colfarma\/wp-json\/wp\/v2\/posts\/85039\/revisions\/85332"}],"wp:featuredmedia":[{"embeddable":true,"href":"https:\/\/www.colfarma.info\/colfarma\/wp-json\/wp\/v2\/media\/85066"}],"wp:attachment":[{"href":"https:\/\/www.colfarma.info\/colfarma\/wp-json\/wp\/v2\/media?parent=85039"}],"wp:term":[{"taxonomy":"category","embeddable":true,"href":"https:\/\/www.colfarma.info\/colfarma\/wp-json\/wp\/v2\/categories?post=85039"},{"taxonomy":"post_tag","embeddable":true,"href":"https:\/\/www.colfarma.info\/colfarma\/wp-json\/wp\/v2\/tags?post=85039"}],"curies":[{"name":"wp","href":"https:\/\/api.w.org\/{rel}","templated":true}]}}