{"id":85128,"date":"2025-06-18T15:12:39","date_gmt":"2025-06-18T18:12:39","guid":{"rendered":"https:\/\/www.colfarma.info\/colfarma\/?p=85128"},"modified":"2025-06-18T15:49:53","modified_gmt":"2025-06-18T18:49:53","slug":"sibo-diarrea-y-probioticos-filial-florencio-varela-actividad-presencial","status":"publish","type":"post","link":"https:\/\/www.colfarma.info\/colfarma\/sibo-diarrea-y-probioticos-filial-florencio-varela-actividad-presencial\/","title":{"rendered":"SIBO: Diarrea y probi\u00f3ticos. Filial Florencio Varela. Actividad Presencial"},"content":{"rendered":"<p><img loading=\"lazy\" decoding=\"async\" class=\"wp-image-85149 alignleft\" src=\"https:\/\/www.colfarma.info\/colfarma\/wp-content\/uploads\/SIBO-diarrea-y-probioticos_PRESENCIAL1080-2-150x150.jpg\" alt=\"\" width=\"400\" height=\"500\" srcset=\"https:\/\/www.colfarma.info\/colfarma\/wp-content\/uploads\/SIBO-diarrea-y-probioticos_PRESENCIAL1080-2-585x731.jpg 585w, https:\/\/www.colfarma.info\/colfarma\/wp-content\/uploads\/SIBO-diarrea-y-probioticos_PRESENCIAL1080-2-768x960.jpg 768w, https:\/\/www.colfarma.info\/colfarma\/wp-content\/uploads\/SIBO-diarrea-y-probioticos_PRESENCIAL1080-2-100x125.jpg 100w, https:\/\/www.colfarma.info\/colfarma\/wp-content\/uploads\/SIBO-diarrea-y-probioticos_PRESENCIAL1080-2.jpg 1080w\" sizes=\"auto, (max-width: 400px) 100vw, 400px\" \/>Fecha: 04\/07\/2025. Inicio 14 hs<\/p>\n<p>Lugar de Realizaci\u00f3n: Corrientes 163 \u2013 Florencio Varela<\/p>\n<p>Cierre de Inscripci\u00f3n a las 13 hs. (04\/07\/2025)<\/p>\n<p><strong>Importante: Inscripciones exclusivamente on line.\u00a0<\/strong><\/p>\n<p>Inscripci\u00f3n Farmac\u00e9uticos Matriculados:<a href=\"http:\/\/www.adminportal.cfpba.org.ar\/servicios\/compras.aspx?p=2234\"> clic aqu\u00ed<\/a><\/p>\n<p>Para mas informaci\u00f3n <a href=\"mailto:Colfarvarela2013@gmail.com\">Colfarvarela2013@gmail.com<\/a><\/p>\n","protected":false},"excerpt":{"rendered":"<p>Fecha: 04\/07\/2025. Inicio 14 hs Lugar de Realizaci\u00f3n: Corrientes 163 \u2013 Florencio Varela Cierre de Inscripci\u00f3n a las 13 hs. (04\/07\/2025) Importante: Inscripciones exclusivamente on line.\u00a0 Inscripci\u00f3n Farmac\u00e9uticos Matriculados: clic aqu\u00ed Para mas informaci\u00f3n Colfarvarela2013@gmail.com<\/p>\n","protected":false},"author":8,"featured_media":85149,"comment_status":"closed","ping_status":"closed","sticky":false,"template":"","format":"standard","meta":{"footnotes":""},"categories":[1125,4,1083,1],"tags":[],"class_list":["post-85128","post","type-post","status-publish","format-standard","has-post-thumbnail","hentry","category-actividades-de-capacitacion","category-deap","category-conferencias-presenciales","category-noticias"],"_links":{"self":[{"href":"https:\/\/www.colfarma.info\/colfarma\/wp-json\/wp\/v2\/posts\/85128","targetHints":{"allow":["GET"]}}],"collection":[{"href":"https:\/\/www.colfarma.info\/colfarma\/wp-json\/wp\/v2\/posts"}],"about":[{"href":"https:\/\/www.colfarma.info\/colfarma\/wp-json\/wp\/v2\/types\/post"}],"author":[{"embeddable":true,"href":"https:\/\/www.colfarma.info\/colfarma\/wp-json\/wp\/v2\/users\/8"}],"replies":[{"embeddable":true,"href":"https:\/\/www.colfarma.info\/colfarma\/wp-json\/wp\/v2\/comments?post=85128"}],"version-history":[{"count":3,"href":"https:\/\/www.colfarma.info\/colfarma\/wp-json\/wp\/v2\/posts\/85128\/revisions"}],"predecessor-version":[{"id":85156,"href":"https:\/\/www.colfarma.info\/colfarma\/wp-json\/wp\/v2\/posts\/85128\/revisions\/85156"}],"wp:featuredmedia":[{"embeddable":true,"href":"https:\/\/www.colfarma.info\/colfarma\/wp-json\/wp\/v2\/media\/85149"}],"wp:attachment":[{"href":"https:\/\/www.colfarma.info\/colfarma\/wp-json\/wp\/v2\/media?parent=85128"}],"wp:term":[{"taxonomy":"category","embeddable":true,"href":"https:\/\/www.colfarma.info\/colfarma\/wp-json\/wp\/v2\/categories?post=85128"},{"taxonomy":"post_tag","embeddable":true,"href":"https:\/\/www.colfarma.info\/colfarma\/wp-json\/wp\/v2\/tags?post=85128"}],"curies":[{"name":"wp","href":"https:\/\/api.w.org\/{rel}","templated":true}]}}